{"id":1008,"date":"2014-05-12T09:59:34","date_gmt":"2014-05-12T08:59:34","guid":{"rendered":"http:\/\/www.worldpolicyconference.com\/pascal-lamy\/"},"modified":"2018-06-08T10:18:00","modified_gmt":"2018-06-08T09:18:00","slug":"pascal-lamy","status":"publish","type":"post","link":"https:\/\/www.worldpolicyconference.com\/fr\/pascal-lamy\/","title":{"rendered":"Pascal Lamy"},"content":{"rendered":"<p><\/p>\n<p style=\"text-align: justify;\">Pr\u00e9sident d\u2019honneur de Notre Europe-Institut Jacques Delors. Ancien directeur g\u00e9n\u00e9ral de l&rsquo;Organisation mondiale du commerce (OMC) (2005-2013). Il a commenc\u00e9 sa carri\u00e8re dans la fonction publique fran\u00e7aise \u00e0 l&rsquo;Inspection g\u00e9n\u00e9rale des Finances et au Tr\u00e9sor. Il a exerc\u00e9 les fonctions de directeur de cabinet du Pr\u00e9sident de la Commission europ\u00e9enne, M. Jacques Delors, dont il a \u00e9t\u00e9 le repr\u00e9sentant en qualit\u00e9 de \u00ab\u00a0sherpa\u00a0\u00bb au G7 (1985-1994). Il a \u00e9galement \u00e9t\u00e9 directeur g\u00e9n\u00e9ral du Cr\u00e9dit Lyonnais jusqu&rsquo;\u00e0 sa privatisation en 1999. Il a \u00e9t\u00e9 Commissaire au commerce \u00e0 la Commission europ\u00e9enne (1999-2004). Il est dipl\u00f4m\u00e9 de l&rsquo;\u00c9cole des hautes \u00e9tudes commerciales (HEC) de Paris, de l&rsquo;Institut d&rsquo;\u00e9tudes politiques (IEP) et de l&rsquo;\u00c9cole nationale d&rsquo;administration (ENA).<\/p>\n<p><\/p>","protected":false},"excerpt":{"rendered":"<p>Pr\u00e9sident d\u2019honneur de Notre Europe-Institut Jacques Delors. Ancien directeur g\u00e9n\u00e9ral de l&rsquo;Organisation mondiale du commerce (OMC) (2005-2013). Il a commenc\u00e9 sa carri\u00e8re dans la fonction publique fran\u00e7aise \u00e0 l&rsquo;Inspection g\u00e9n\u00e9rale<\/p>\n","protected":false},"author":1,"featured_media":10165,"comment_status":"closed","ping_status":"open","sticky":false,"template":"","format":"standard","meta":{"footnotes":""},"categories":[8],"tags":[18,14,10,19],"class_list":["post-1008","post","type-post","status-publish","format-standard","has-post-thumbnail","hentry","category-invited-guests","tag-18","tag-14","tag-10","tag-19"],"_links":{"self":[{"href":"https:\/\/www.worldpolicyconference.com\/fr\/wp-json\/wp\/v2\/posts\/1008","targetHints":{"allow":["GET"]}}],"collection":[{"href":"https:\/\/www.worldpolicyconference.com\/fr\/wp-json\/wp\/v2\/posts"}],"about":[{"href":"https:\/\/www.worldpolicyconference.com\/fr\/wp-json\/wp\/v2\/types\/post"}],"author":[{"embeddable":true,"href":"https:\/\/www.worldpolicyconference.com\/fr\/wp-json\/wp\/v2\/users\/1"}],"replies":[{"embeddable":true,"href":"https:\/\/www.worldpolicyconference.com\/fr\/wp-json\/wp\/v2\/comments?post=1008"}],"version-history":[{"count":0,"href":"https:\/\/www.worldpolicyconference.com\/fr\/wp-json\/wp\/v2\/posts\/1008\/revisions"}],"wp:featuredmedia":[{"embeddable":true,"href":"https:\/\/www.worldpolicyconference.com\/fr\/wp-json\/wp\/v2\/media\/10165"}],"wp:attachment":[{"href":"https:\/\/www.worldpolicyconference.com\/fr\/wp-json\/wp\/v2\/media?parent=1008"}],"wp:term":[{"taxonomy":"category","embeddable":true,"href":"https:\/\/www.worldpolicyconference.com\/fr\/wp-json\/wp\/v2\/categories?post=1008"},{"taxonomy":"post_tag","embeddable":true,"href":"https:\/\/www.worldpolicyconference.com\/fr\/wp-json\/wp\/v2\/tags?post=1008"}],"curies":[{"name":"wp","href":"https:\/\/api.w.org\/{rel}","templated":true}]}}