{"id":1010,"date":"2014-05-12T09:59:55","date_gmt":"2014-05-12T08:59:55","guid":{"rendered":"http:\/\/www.worldpolicyconference.com\/toomas-hendrik-ilves\/"},"modified":"2018-06-07T17:17:11","modified_gmt":"2018-06-07T16:17:11","slug":"toomas-hendrik-ilves","status":"publish","type":"post","link":"https:\/\/www.worldpolicyconference.com\/fr\/toomas-hendrik-ilves\/","title":{"rendered":"Toomas Hendrik Ilves"},"content":{"rendered":"<p>Quatri\u00e8me Pr\u00e9sident de l&rsquo;Estonie. Ancien diplomate et journaliste, il a \u00e9t\u00e9 le Chef du Parti social-d\u00e9mocrate dans les ann\u00e9es 1990 et plus tard membre du Parlement europ\u00e9en. Il a \u00e9t\u00e9 \u00e9lu \u00e0 ce poste par un coll\u00e8ge \u00e9lectoral le 23 Septembre 2006 et son mandat de Pr\u00e9sident a commenc\u00e9 le 9 Octobre 2006. Il a grandi aux \u00c9tats-Unis et est dipl\u00f4m\u00e9 de la Leonia High School \u00e0 Leonia, New Jersey en 1972 et major de sa promotion. Il est dipl\u00f4m\u00e9 en psychologie de l&rsquo;Universit\u00e9 de Columbia et de l&rsquo;Universit\u00e9 de Pennsylvanie.<\/p>","protected":false},"excerpt":{"rendered":"<p>Quatri\u00e8me Pr\u00e9sident de l&rsquo;Estonie. Ancien diplomate et journaliste, il a \u00e9t\u00e9 le Chef du Parti social-d\u00e9mocrate dans les ann\u00e9es 1990 et plus tard membre du Parlement europ\u00e9en. Il a \u00e9t\u00e9<\/p>\n","protected":false},"author":1,"featured_media":10004,"comment_status":"closed","ping_status":"open","sticky":false,"template":"","format":"standard","meta":{"footnotes":""},"categories":[8],"tags":[18,17],"class_list":["post-1010","post","type-post","status-publish","format-standard","has-post-thumbnail","hentry","category-invited-guests","tag-18","tag-17"],"_links":{"self":[{"href":"https:\/\/www.worldpolicyconference.com\/fr\/wp-json\/wp\/v2\/posts\/1010","targetHints":{"allow":["GET"]}}],"collection":[{"href":"https:\/\/www.worldpolicyconference.com\/fr\/wp-json\/wp\/v2\/posts"}],"about":[{"href":"https:\/\/www.worldpolicyconference.com\/fr\/wp-json\/wp\/v2\/types\/post"}],"author":[{"embeddable":true,"href":"https:\/\/www.worldpolicyconference.com\/fr\/wp-json\/wp\/v2\/users\/1"}],"replies":[{"embeddable":true,"href":"https:\/\/www.worldpolicyconference.com\/fr\/wp-json\/wp\/v2\/comments?post=1010"}],"version-history":[{"count":0,"href":"https:\/\/www.worldpolicyconference.com\/fr\/wp-json\/wp\/v2\/posts\/1010\/revisions"}],"wp:featuredmedia":[{"embeddable":true,"href":"https:\/\/www.worldpolicyconference.com\/fr\/wp-json\/wp\/v2\/media\/10004"}],"wp:attachment":[{"href":"https:\/\/www.worldpolicyconference.com\/fr\/wp-json\/wp\/v2\/media?parent=1010"}],"wp:term":[{"taxonomy":"category","embeddable":true,"href":"https:\/\/www.worldpolicyconference.com\/fr\/wp-json\/wp\/v2\/categories?post=1010"},{"taxonomy":"post_tag","embeddable":true,"href":"https:\/\/www.worldpolicyconference.com\/fr\/wp-json\/wp\/v2\/tags?post=1010"}],"curies":[{"name":"wp","href":"https:\/\/api.w.org\/{rel}","templated":true}]}}