{"id":1024,"date":"2014-05-12T10:01:03","date_gmt":"2014-05-12T09:01:03","guid":{"rendered":"http:\/\/www.worldpolicyconference.com\/thomas-wellauer\/"},"modified":"2018-06-07T16:00:18","modified_gmt":"2018-06-07T15:00:18","slug":"thomas-wellauer","status":"publish","type":"post","link":"https:\/\/www.worldpolicyconference.com\/fr\/thomas-wellauer\/","title":{"rendered":"Thomas Wellauer"},"content":{"rendered":"<p><\/p>\n<p>Responsable Corporate Affairs et membre ex\u00e9cutif de Novartis. Apr\u00e8s avoir d\u00e9marr\u00e9 sa carri\u00e8re chez McKinsey and Co., Suisse, et comme partenaire et partenaire senior, il a \u00e9t\u00e9 membre du conseil ex\u00e9cutif de Cr\u00e9dit Suisse, d\u2019abord responsable du secteur assurance du groupe avant de devenir pr\u00e9sident-directeur g\u00e9n\u00e9ral des services financiers. Il est titulaire d\u2019un doctorat en ing\u00e9nierie des syst\u00e8mes et d\u2019une ma\u00eetrise en g\u00e9nie chimique de l\u2019Institut technologique f\u00e9d\u00e9ral suisse de Zurich. Il est \u00e9galement titulaire d\u2019un MBA de l\u2019universit\u00e9 de Zurich.<\/p>\n<p><\/p>","protected":false},"excerpt":{"rendered":"<p>Responsable Corporate Affairs et membre ex\u00e9cutif de Novartis. Apr\u00e8s avoir d\u00e9marr\u00e9 sa carri\u00e8re chez McKinsey and Co., Suisse, et comme partenaire et partenaire senior, il a \u00e9t\u00e9 membre du conseil<\/p>\n","protected":false},"author":1,"featured_media":9330,"comment_status":"closed","ping_status":"open","sticky":false,"template":"","format":"standard","meta":{"footnotes":""},"categories":[8],"tags":[15],"class_list":["post-1024","post","type-post","status-publish","format-standard","has-post-thumbnail","hentry","category-invited-guests","tag-15"],"_links":{"self":[{"href":"https:\/\/www.worldpolicyconference.com\/fr\/wp-json\/wp\/v2\/posts\/1024","targetHints":{"allow":["GET"]}}],"collection":[{"href":"https:\/\/www.worldpolicyconference.com\/fr\/wp-json\/wp\/v2\/posts"}],"about":[{"href":"https:\/\/www.worldpolicyconference.com\/fr\/wp-json\/wp\/v2\/types\/post"}],"author":[{"embeddable":true,"href":"https:\/\/www.worldpolicyconference.com\/fr\/wp-json\/wp\/v2\/users\/1"}],"replies":[{"embeddable":true,"href":"https:\/\/www.worldpolicyconference.com\/fr\/wp-json\/wp\/v2\/comments?post=1024"}],"version-history":[{"count":0,"href":"https:\/\/www.worldpolicyconference.com\/fr\/wp-json\/wp\/v2\/posts\/1024\/revisions"}],"wp:featuredmedia":[{"embeddable":true,"href":"https:\/\/www.worldpolicyconference.com\/fr\/wp-json\/wp\/v2\/media\/9330"}],"wp:attachment":[{"href":"https:\/\/www.worldpolicyconference.com\/fr\/wp-json\/wp\/v2\/media?parent=1024"}],"wp:term":[{"taxonomy":"category","embeddable":true,"href":"https:\/\/www.worldpolicyconference.com\/fr\/wp-json\/wp\/v2\/categories?post=1024"},{"taxonomy":"post_tag","embeddable":true,"href":"https:\/\/www.worldpolicyconference.com\/fr\/wp-json\/wp\/v2\/tags?post=1024"}],"curies":[{"name":"wp","href":"https:\/\/api.w.org\/{rel}","templated":true}]}}