{"id":1026,"date":"2014-05-12T10:01:23","date_gmt":"2014-05-12T09:01:23","guid":{"rendered":"http:\/\/www.worldpolicyconference.com\/werner-weidenfeld\/"},"modified":"2018-06-07T16:03:34","modified_gmt":"2018-06-07T15:03:34","slug":"werner-weidenfeld","status":"publish","type":"post","link":"https:\/\/www.worldpolicyconference.com\/fr\/werner-weidenfeld\/","title":{"rendered":"Werner Weidenfeld"},"content":{"rendered":"<p>Directeur du Centre de recherche politique appliqu\u00e9e, Munich, il est titulaire de la chaire des syst\u00e8mes politiques et de l\u2019int\u00e9gration europ\u00e9enne \u00e0 l\u2019universit\u00e9 Ludwig-Maximilians. Il a \u00e9t\u00e9 professeur associ\u00e9 \u00e0 la Sorbonne \u00e0 Paris et a travaill\u00e9 pour le gouvernement allemand en tant que coordinateur de la coop\u00e9ration germano-am\u00e9ricaine. Il publie le journal International Politik et est membre du Conseil allemand des affaires \u00e9trang\u00e8res (DGAP) \u00e0 Berlin, de l\u2019Institut de politique europ\u00e9enne \u00e0 Bonn et de la Fondation Bertelsmann \u00e0 G\u00fctersloh. Il est docteur habilit\u00e9 en sciences politiques.<\/p>","protected":false},"excerpt":{"rendered":"<p>Directeur du Centre de recherche politique appliqu\u00e9e, Munich, il est titulaire de la chaire des syst\u00e8mes politiques et de l\u2019int\u00e9gration europ\u00e9enne \u00e0 l\u2019universit\u00e9 Ludwig-Maximilians. Il a \u00e9t\u00e9 professeur associ\u00e9 \u00e0<\/p>\n","protected":false},"author":1,"featured_media":10516,"comment_status":"closed","ping_status":"open","sticky":false,"template":"","format":"standard","meta":{"footnotes":""},"categories":[8],"tags":[15],"class_list":["post-1026","post","type-post","status-publish","format-standard","has-post-thumbnail","hentry","category-invited-guests","tag-15"],"_links":{"self":[{"href":"https:\/\/www.worldpolicyconference.com\/fr\/wp-json\/wp\/v2\/posts\/1026","targetHints":{"allow":["GET"]}}],"collection":[{"href":"https:\/\/www.worldpolicyconference.com\/fr\/wp-json\/wp\/v2\/posts"}],"about":[{"href":"https:\/\/www.worldpolicyconference.com\/fr\/wp-json\/wp\/v2\/types\/post"}],"author":[{"embeddable":true,"href":"https:\/\/www.worldpolicyconference.com\/fr\/wp-json\/wp\/v2\/users\/1"}],"replies":[{"embeddable":true,"href":"https:\/\/www.worldpolicyconference.com\/fr\/wp-json\/wp\/v2\/comments?post=1026"}],"version-history":[{"count":0,"href":"https:\/\/www.worldpolicyconference.com\/fr\/wp-json\/wp\/v2\/posts\/1026\/revisions"}],"wp:featuredmedia":[{"embeddable":true,"href":"https:\/\/www.worldpolicyconference.com\/fr\/wp-json\/wp\/v2\/media\/10516"}],"wp:attachment":[{"href":"https:\/\/www.worldpolicyconference.com\/fr\/wp-json\/wp\/v2\/media?parent=1026"}],"wp:term":[{"taxonomy":"category","embeddable":true,"href":"https:\/\/www.worldpolicyconference.com\/fr\/wp-json\/wp\/v2\/categories?post=1026"},{"taxonomy":"post_tag","embeddable":true,"href":"https:\/\/www.worldpolicyconference.com\/fr\/wp-json\/wp\/v2\/tags?post=1026"}],"curies":[{"name":"wp","href":"https:\/\/api.w.org\/{rel}","templated":true}]}}