{"id":1036,"date":"2014-05-12T10:03:15","date_gmt":"2014-05-12T09:03:15","guid":{"rendered":"http:\/\/www.worldpolicyconference.com\/jordi-pujol-i-soley\/"},"modified":"2018-06-07T15:41:01","modified_gmt":"2018-06-07T14:41:01","slug":"jordi-pujol-i-soley","status":"publish","type":"post","link":"https:\/\/www.worldpolicyconference.com\/fr\/jordi-pujol-i-soley\/","title":{"rendered":"Jordi Pujol i Soley"},"content":{"rendered":"<p>Ancien pr\u00e9sident de la Generalitat de Catalunya. Militant autonomiste catalan d\u00e8s son plus jeune \u00e2ge, il fonde en 1974 le parti politique Convergencia Democratica de Catalunya et devient en mai 1980 le 126e chef du gouvernement autonome de Catalogne, pr\u00e9sident de la Generalitat. Apr\u00e8s vingt-trois ans au pouvoir, il se retire progressivement de la vie politique apr\u00e8s les \u00e9lections de 2003. Il est toujours pr\u00e9sident de CiU et pr\u00e9sident de C.D.C. Licenci\u00e9 en m\u00e9decine \u00e0 l\u2019universit\u00e9 de Barcelone, il est docteur honoris causa de plusieurs universit\u00e9s francophones\u00a0: Lumi\u00e8re Lyon II, Paris VIII, Toulouse et l\u2019Universit\u00e9 catholique de Bruxelles.<\/p>","protected":false},"excerpt":{"rendered":"<p>Ancien pr\u00e9sident de la Generalitat de Catalunya. Militant autonomiste catalan d\u00e8s son plus jeune \u00e2ge, il fonde en 1974 le parti politique Convergencia Democratica de Catalunya et devient en mai<\/p>\n","protected":false},"author":1,"featured_media":10502,"comment_status":"closed","ping_status":"open","sticky":false,"template":"","format":"standard","meta":{"footnotes":""},"categories":[8],"tags":[15],"class_list":["post-1036","post","type-post","status-publish","format-standard","has-post-thumbnail","hentry","category-invited-guests","tag-15"],"_links":{"self":[{"href":"https:\/\/www.worldpolicyconference.com\/fr\/wp-json\/wp\/v2\/posts\/1036","targetHints":{"allow":["GET"]}}],"collection":[{"href":"https:\/\/www.worldpolicyconference.com\/fr\/wp-json\/wp\/v2\/posts"}],"about":[{"href":"https:\/\/www.worldpolicyconference.com\/fr\/wp-json\/wp\/v2\/types\/post"}],"author":[{"embeddable":true,"href":"https:\/\/www.worldpolicyconference.com\/fr\/wp-json\/wp\/v2\/users\/1"}],"replies":[{"embeddable":true,"href":"https:\/\/www.worldpolicyconference.com\/fr\/wp-json\/wp\/v2\/comments?post=1036"}],"version-history":[{"count":0,"href":"https:\/\/www.worldpolicyconference.com\/fr\/wp-json\/wp\/v2\/posts\/1036\/revisions"}],"wp:featuredmedia":[{"embeddable":true,"href":"https:\/\/www.worldpolicyconference.com\/fr\/wp-json\/wp\/v2\/media\/10502"}],"wp:attachment":[{"href":"https:\/\/www.worldpolicyconference.com\/fr\/wp-json\/wp\/v2\/media?parent=1036"}],"wp:term":[{"taxonomy":"category","embeddable":true,"href":"https:\/\/www.worldpolicyconference.com\/fr\/wp-json\/wp\/v2\/categories?post=1036"},{"taxonomy":"post_tag","embeddable":true,"href":"https:\/\/www.worldpolicyconference.com\/fr\/wp-json\/wp\/v2\/tags?post=1036"}],"curies":[{"name":"wp","href":"https:\/\/api.w.org\/{rel}","templated":true}]}}