{"id":1038,"date":"2014-05-12T10:03:35","date_gmt":"2014-05-12T09:03:35","guid":{"rendered":"http:\/\/www.worldpolicyconference.com\/michael-posner\/"},"modified":"2018-06-07T15:38:35","modified_gmt":"2018-06-07T14:38:35","slug":"michael-posner","status":"publish","type":"post","link":"https:\/\/www.worldpolicyconference.com\/fr\/michael-posner\/","title":{"rendered":"Michael Posner"},"content":{"rendered":"<p>Secr\u00e9taire d\u2019\u00c9tat adjoint \u00e0 la D\u00e9mocratie, aux Droits de l\u2019Homme et au Travail, \u00c9tats-Unis. Fondateur et pr\u00e9sident de Human Rights First, il est \u00e0 la t\u00eate du mouvement international des droits de l\u2019homme depuis trente ans. Auparavant, il a \u00e9t\u00e9 avocat chez Sonnenschein, Nath &amp; Rosenthal \u00e0 Chicago, conf\u00e9rencier \u00e0 la Yale Law School et conf\u00e9rencier invit\u00e9 \u00e0 la Columbia Law School. Membre du barreau de Californie et de l\u2019Illinois, il est dipl\u00f4m\u00e9 en droit de l\u2019universit\u00e9 de Californie, Berkeley Law School, et est titulaire d\u2019une licence de l\u2019universit\u00e9 du Michigan.<\/p>","protected":false},"excerpt":{"rendered":"<p>Secr\u00e9taire d\u2019\u00c9tat adjoint \u00e0 la D\u00e9mocratie, aux Droits de l\u2019Homme et au Travail, \u00c9tats-Unis. Fondateur et pr\u00e9sident de Human Rights First, il est \u00e0 la t\u00eate du mouvement international des<\/p>\n","protected":false},"author":1,"featured_media":10500,"comment_status":"closed","ping_status":"open","sticky":false,"template":"","format":"standard","meta":{"footnotes":""},"categories":[8],"tags":[15],"class_list":["post-1038","post","type-post","status-publish","format-standard","has-post-thumbnail","hentry","category-invited-guests","tag-15"],"_links":{"self":[{"href":"https:\/\/www.worldpolicyconference.com\/fr\/wp-json\/wp\/v2\/posts\/1038","targetHints":{"allow":["GET"]}}],"collection":[{"href":"https:\/\/www.worldpolicyconference.com\/fr\/wp-json\/wp\/v2\/posts"}],"about":[{"href":"https:\/\/www.worldpolicyconference.com\/fr\/wp-json\/wp\/v2\/types\/post"}],"author":[{"embeddable":true,"href":"https:\/\/www.worldpolicyconference.com\/fr\/wp-json\/wp\/v2\/users\/1"}],"replies":[{"embeddable":true,"href":"https:\/\/www.worldpolicyconference.com\/fr\/wp-json\/wp\/v2\/comments?post=1038"}],"version-history":[{"count":0,"href":"https:\/\/www.worldpolicyconference.com\/fr\/wp-json\/wp\/v2\/posts\/1038\/revisions"}],"wp:featuredmedia":[{"embeddable":true,"href":"https:\/\/www.worldpolicyconference.com\/fr\/wp-json\/wp\/v2\/media\/10500"}],"wp:attachment":[{"href":"https:\/\/www.worldpolicyconference.com\/fr\/wp-json\/wp\/v2\/media?parent=1038"}],"wp:term":[{"taxonomy":"category","embeddable":true,"href":"https:\/\/www.worldpolicyconference.com\/fr\/wp-json\/wp\/v2\/categories?post=1038"},{"taxonomy":"post_tag","embeddable":true,"href":"https:\/\/www.worldpolicyconference.com\/fr\/wp-json\/wp\/v2\/tags?post=1038"}],"curies":[{"name":"wp","href":"https:\/\/api.w.org\/{rel}","templated":true}]}}