{"id":1040,"date":"2014-05-12T10:04:05","date_gmt":"2014-05-12T09:04:05","guid":{"rendered":"http:\/\/www.worldpolicyconference.com\/jean-nol-poirier\/"},"modified":"2018-06-07T15:25:14","modified_gmt":"2018-06-07T14:25:14","slug":"jean-nol-poirier","status":"publish","type":"post","link":"https:\/\/www.worldpolicyconference.com\/fr\/jean-nol-poirier\/","title":{"rendered":"Jean-No\u00ebl Poirier"},"content":{"rendered":"<p>PDG, Alma Consultance. Ancien directeur adjoint, International et Marketing, Areva France. Apr\u00e8s avoir exerc\u00e9 un grand nombre de missions en lien avec les Nations unies en Asie, en Afrique du Nord et au Moyen-Orient, il devient conseiller technique d\u2019Hubert V\u00e9drine, ministre des Affaires \u00e9trang\u00e8res, pour les dossiers Afrique du Nord, Moyen-Orient et Nations unies. Nomm\u00e9 consul g\u00e9n\u00e9ral de France \u00e0 Ho Chi Minh Ville, il a ensuite rejoint, pour la seconde fois, la mission fran\u00e7aise aupr\u00e8s des Nations unies comme conseiller politique. Fin 2005, il est sous-directeur Asie Extr\u00eame-Orient, responsable des relations bilat\u00e9rales entre la France et les pays d\u2019Asie du nord-est. Ancien \u00e9l\u00e8ve de l\u2019IEP de Paris, il est dipl\u00f4m\u00e9 de l\u2019Institut des langues et civilisations orientales et laur\u00e9at du concours du Cadre Orient du minist\u00e8re des Affaires \u00e9trang\u00e8res, section Extr\u00eame-Orient (chinois, vietnamien).<\/p>","protected":false},"excerpt":{"rendered":"<p>PDG, Alma Consultance. Ancien directeur adjoint, International et Marketing, Areva France. Apr\u00e8s avoir exerc\u00e9 un grand nombre de missions en lien avec les Nations unies en Asie, en Afrique du<\/p>\n","protected":false},"author":1,"featured_media":10495,"comment_status":"closed","ping_status":"open","sticky":false,"template":"","format":"standard","meta":{"footnotes":""},"categories":[8],"tags":[15],"class_list":["post-1040","post","type-post","status-publish","format-standard","has-post-thumbnail","hentry","category-invited-guests","tag-15"],"_links":{"self":[{"href":"https:\/\/www.worldpolicyconference.com\/fr\/wp-json\/wp\/v2\/posts\/1040","targetHints":{"allow":["GET"]}}],"collection":[{"href":"https:\/\/www.worldpolicyconference.com\/fr\/wp-json\/wp\/v2\/posts"}],"about":[{"href":"https:\/\/www.worldpolicyconference.com\/fr\/wp-json\/wp\/v2\/types\/post"}],"author":[{"embeddable":true,"href":"https:\/\/www.worldpolicyconference.com\/fr\/wp-json\/wp\/v2\/users\/1"}],"replies":[{"embeddable":true,"href":"https:\/\/www.worldpolicyconference.com\/fr\/wp-json\/wp\/v2\/comments?post=1040"}],"version-history":[{"count":0,"href":"https:\/\/www.worldpolicyconference.com\/fr\/wp-json\/wp\/v2\/posts\/1040\/revisions"}],"wp:featuredmedia":[{"embeddable":true,"href":"https:\/\/www.worldpolicyconference.com\/fr\/wp-json\/wp\/v2\/media\/10495"}],"wp:attachment":[{"href":"https:\/\/www.worldpolicyconference.com\/fr\/wp-json\/wp\/v2\/media?parent=1040"}],"wp:term":[{"taxonomy":"category","embeddable":true,"href":"https:\/\/www.worldpolicyconference.com\/fr\/wp-json\/wp\/v2\/categories?post=1040"},{"taxonomy":"post_tag","embeddable":true,"href":"https:\/\/www.worldpolicyconference.com\/fr\/wp-json\/wp\/v2\/tags?post=1040"}],"curies":[{"name":"wp","href":"https:\/\/api.w.org\/{rel}","templated":true}]}}