{"id":1048,"date":"2014-05-12T10:05:18","date_gmt":"2014-05-12T09:05:18","guid":{"rendered":"http:\/\/www.worldpolicyconference.com\/fathallah-oualalou\/"},"modified":"2022-07-19T16:27:49","modified_gmt":"2022-07-19T15:27:49","slug":"fathallah-oualalou","status":"publish","type":"post","link":"https:\/\/www.worldpolicyconference.com\/fr\/fathallah-oualalou\/","title":{"rendered":"Fathallah Oualalou"},"content":{"rendered":"<p><span style=\"font-weight: 400;\">Senior Fellow au Policy Center for the New South (PCNS), Maroc. Il est \u00e9conomiste, docteur en \u00e9conomie dipl\u00f4m\u00e9 de l\u2019Universit\u00e9 de Paris (1968). Il a \u00e9t\u00e9 maire de Rabat (2009-2015), ministre de l\u2019\u00c9conomie et des Finances du Royaume du Maroc (1998-2008), membre du parlement marocain (1977-2002), pr\u00e9sident de l\u2019Union nationale des \u00e9tudiants du Maroc (UNEM) (1966-1968). Il a \u00e9galement \u00e9t\u00e9 professeur des universit\u00e9s, pr\u00e9sident de l\u2019Association des \u00e9conomistes du Maroc (AEM) et de l\u2019Union des \u00e9conomistes arabes. Il est l\u2019auteur de nombreuses publications en mati\u00e8re de th\u00e9ories \u00e9conomiques, de politique financi\u00e8re, de relations \u00e9conomiques internationales, avec un focus sur l\u2019espace euro-afro-m\u00e9diterran\u00e9en.<\/span> <i><span style=\"font-weight: 400;\">La mondialisation et la pand\u00e9mie. Chroniques de confinement<\/span><\/i><span style=\"font-weight: 400;\"> (2021. PCNS. Rabat), <\/span><i><span style=\"font-weight: 400;\">La mondialisation et nous<\/span><\/i><span style=\"font-weight: 400;\"> (2020. Ed. La Crois\u00e9e des Chemins. Casablanca), <\/span><i><span style=\"font-weight: 400;\">La Chine et nous<\/span><\/i><span style=\"font-weight: 400;\"> (2017. Ed. La Crois\u00e9e des Chemins. Casablanca) comptent parmi ses derni\u00e8res publications.<\/span><\/p>","protected":false},"excerpt":{"rendered":"<p>Senior Fellow au Policy Center for the New South (PCNS), Maroc. Il est \u00e9conomiste, docteur en \u00e9conomie dipl\u00f4m\u00e9 de l\u2019Universit\u00e9 de Paris (1968). Il a \u00e9t\u00e9 maire de Rabat (2009-2015),<\/p>\n","protected":false},"author":1,"featured_media":9727,"comment_status":"closed","ping_status":"open","sticky":false,"template":"","format":"standard","meta":{"footnotes":""},"categories":[8],"tags":[15,20,21,22,25,30,127,153],"class_list":["post-1048","post","type-post","status-publish","format-standard","has-post-thumbnail","hentry","category-invited-guests","tag-15","tag-20","tag-21","tag-22","tag-25","tag-30","tag-127","tag-153"],"_links":{"self":[{"href":"https:\/\/www.worldpolicyconference.com\/fr\/wp-json\/wp\/v2\/posts\/1048","targetHints":{"allow":["GET"]}}],"collection":[{"href":"https:\/\/www.worldpolicyconference.com\/fr\/wp-json\/wp\/v2\/posts"}],"about":[{"href":"https:\/\/www.worldpolicyconference.com\/fr\/wp-json\/wp\/v2\/types\/post"}],"author":[{"embeddable":true,"href":"https:\/\/www.worldpolicyconference.com\/fr\/wp-json\/wp\/v2\/users\/1"}],"replies":[{"embeddable":true,"href":"https:\/\/www.worldpolicyconference.com\/fr\/wp-json\/wp\/v2\/comments?post=1048"}],"version-history":[{"count":0,"href":"https:\/\/www.worldpolicyconference.com\/fr\/wp-json\/wp\/v2\/posts\/1048\/revisions"}],"wp:featuredmedia":[{"embeddable":true,"href":"https:\/\/www.worldpolicyconference.com\/fr\/wp-json\/wp\/v2\/media\/9727"}],"wp:attachment":[{"href":"https:\/\/www.worldpolicyconference.com\/fr\/wp-json\/wp\/v2\/media?parent=1048"}],"wp:term":[{"taxonomy":"category","embeddable":true,"href":"https:\/\/www.worldpolicyconference.com\/fr\/wp-json\/wp\/v2\/categories?post=1048"},{"taxonomy":"post_tag","embeddable":true,"href":"https:\/\/www.worldpolicyconference.com\/fr\/wp-json\/wp\/v2\/tags?post=1048"}],"curies":[{"name":"wp","href":"https:\/\/api.w.org\/{rel}","templated":true}]}}