{"id":1066,"date":"2014-05-12T10:08:00","date_gmt":"2014-05-12T09:08:00","guid":{"rendered":"http:\/\/www.worldpolicyconference.com\/pierre-lvy\/"},"modified":"2026-04-08T16:48:17","modified_gmt":"2026-04-08T15:48:17","slug":"pierre-lvy","status":"publish","type":"post","link":"https:\/\/www.worldpolicyconference.com\/fr\/pierre-lvy\/","title":{"rendered":"Pierre L\u00e9vy"},"content":{"rendered":"<p><\/p>\n<p style=\"text-align: justify;\"><span style=\"font-weight: 400;\">Pierre L\u00e9vy, Ambassadeur de France, est pr\u00e9sident du conseil d\u2019administration de l\u2019Institut des hautes \u00e9tudes de d\u00e9fense nationale (IHEDN). Diplomate de carri\u00e8re, il a consacr\u00e9 l\u2019essentiel de son parcours aux affaires europ\u00e9ennes et aux enjeux li\u00e9s \u00e0 l\u2019Europe centrale et orientale. Il a notamment \u00e9t\u00e9 ambassadeur de France en Russie de 2020 \u00e0 2024, apr\u00e8s avoir exerc\u00e9 les fonctions d\u2019ambassadeur en Pologne (2016-2019) et en R\u00e9publique tch\u00e8que (2009-2013). Au sein de l\u2019administration centrale du minist\u00e8re de l\u2019Europe et des Affaires \u00e9trang\u00e8res, il a occup\u00e9 plusieurs postes de direction, dont celui de directeur de l\u2019Union europ\u00e9enne (2013-2016) et de chef du service de la politique \u00e9trang\u00e8re et de s\u00e9curit\u00e9 commune (2002-2005). Il a \u00e9galement \u00e9t\u00e9 directeur adjoint du cabinet de Pierre Moscovici, ministre charg\u00e9 des Affaires europ\u00e9ennes, de 1997 \u00e0 2002. Pierre L\u00e9vy a par ailleurs dirig\u00e9 le Centre d\u2019analyse et de pr\u00e9vision du minist\u00e8re (2005-2009) et \u00e9t\u00e9 secr\u00e9taire g\u00e9n\u00e9ral de la commission du Livre blanc sur la politique \u00e9trang\u00e8re et europ\u00e9enne de la France (2007-2008). Il a aussi \u00e9t\u00e9 en poste en Allemagne et \u00e0 Singapour. Au d\u00e9but de sa carri\u00e8re, il a travaill\u00e9 sur les questions \u00e9conomiques et financi\u00e8res internationales au minist\u00e8re de l\u2019\u00c9conomie et des Finances et au minist\u00e8re des Affaires \u00e9trang\u00e8res. Il est l\u2019auteur de Au c\u0153ur de la Russie en guerre. R\u00e9cit de l\u2019ambassadeur de France (Tallandier, 2025). Dipl\u00f4m\u00e9 de l\u2019ESCP Europe, de l\u2019Institut d\u2019\u00e9tudes politiques de Paris et de l\u2019universit\u00e9 Paris-Dauphine, il est ancien \u00e9l\u00e8ve de l\u2019\u00c9cole nationale d\u2019administration.<\/span><\/p>\n<p><\/p>","protected":false},"excerpt":{"rendered":"<p>Pierre L\u00e9vy, Ambassadeur de France, est pr\u00e9sident du conseil d\u2019administration de l\u2019Institut des hautes \u00e9tudes de d\u00e9fense nationale (IHEDN). Diplomate de carri\u00e8re, il a consacr\u00e9 l\u2019essentiel de son parcours aux<\/p>\n","protected":false},"author":1,"featured_media":17984,"comment_status":"closed","ping_status":"open","sticky":false,"template":"","format":"standard","meta":{"footnotes":""},"categories":[8],"tags":[15,17,157],"class_list":["post-1066","post","type-post","status-publish","format-standard","has-post-thumbnail","hentry","category-invited-guests","tag-15","tag-17","tag-157"],"_links":{"self":[{"href":"https:\/\/www.worldpolicyconference.com\/fr\/wp-json\/wp\/v2\/posts\/1066","targetHints":{"allow":["GET"]}}],"collection":[{"href":"https:\/\/www.worldpolicyconference.com\/fr\/wp-json\/wp\/v2\/posts"}],"about":[{"href":"https:\/\/www.worldpolicyconference.com\/fr\/wp-json\/wp\/v2\/types\/post"}],"author":[{"embeddable":true,"href":"https:\/\/www.worldpolicyconference.com\/fr\/wp-json\/wp\/v2\/users\/1"}],"replies":[{"embeddable":true,"href":"https:\/\/www.worldpolicyconference.com\/fr\/wp-json\/wp\/v2\/comments?post=1066"}],"version-history":[{"count":0,"href":"https:\/\/www.worldpolicyconference.com\/fr\/wp-json\/wp\/v2\/posts\/1066\/revisions"}],"wp:featuredmedia":[{"embeddable":true,"href":"https:\/\/www.worldpolicyconference.com\/fr\/wp-json\/wp\/v2\/media\/17984"}],"wp:attachment":[{"href":"https:\/\/www.worldpolicyconference.com\/fr\/wp-json\/wp\/v2\/media?parent=1066"}],"wp:term":[{"taxonomy":"category","embeddable":true,"href":"https:\/\/www.worldpolicyconference.com\/fr\/wp-json\/wp\/v2\/categories?post=1066"},{"taxonomy":"post_tag","embeddable":true,"href":"https:\/\/www.worldpolicyconference.com\/fr\/wp-json\/wp\/v2\/tags?post=1066"}],"curies":[{"name":"wp","href":"https:\/\/api.w.org\/{rel}","templated":true}]}}