{"id":1070,"date":"2014-05-12T10:08:46","date_gmt":"2014-05-12T09:08:46","guid":{"rendered":"http:\/\/www.worldpolicyconference.com\/celso-lafer\/"},"modified":"2018-05-15T12:04:58","modified_gmt":"2018-05-15T11:04:58","slug":"celso-lafer","status":"publish","type":"post","link":"https:\/\/www.worldpolicyconference.com\/fr\/celso-lafer\/","title":{"rendered":"Celso Lafer"},"content":{"rendered":"<p><\/p>\n<p>Professeur de philosophie du droit \u00e0 l\u2019universit\u00e9 de S\u00e3o Paulo et pr\u00e9sident de la FAPESP (Fondation de S\u00e3o Paulo pour l\u2019avancement de la recherche). Il fut ministre des Relations \u00e9trang\u00e8res, ministre du D\u00e9veloppement, de l\u2019Industrie et du Commerce, ambassadeur permanent pour le Br\u00e9sil au sein de l\u2019OMC, de l\u2019ONU et d\u2019agences sp\u00e9cialis\u00e9es \u00e0 Gen\u00e8ve. En 2006, il obtient la chaire des pays et cultures au Centre John W. Kluge de la biblioth\u00e8que du Congr\u00e8s de Washington, DC. Il est titulaire d\u2019un doctorat de la Cornell University, Ithaca, New York.<\/p>\n<p><\/p>","protected":false},"excerpt":{"rendered":"<p>Professeur de philosophie du droit \u00e0 l\u2019universit\u00e9 de S\u00e3o Paulo et pr\u00e9sident de la FAPESP (Fondation de S\u00e3o Paulo pour l\u2019avancement de la recherche). Il fut ministre des Relations \u00e9trang\u00e8res,<\/p>\n","protected":false},"author":1,"featured_media":10186,"comment_status":"closed","ping_status":"open","sticky":false,"template":"","format":"standard","meta":{"footnotes":""},"categories":[8],"tags":[15],"class_list":["post-1070","post","type-post","status-publish","format-standard","has-post-thumbnail","hentry","category-invited-guests","tag-15"],"_links":{"self":[{"href":"https:\/\/www.worldpolicyconference.com\/fr\/wp-json\/wp\/v2\/posts\/1070","targetHints":{"allow":["GET"]}}],"collection":[{"href":"https:\/\/www.worldpolicyconference.com\/fr\/wp-json\/wp\/v2\/posts"}],"about":[{"href":"https:\/\/www.worldpolicyconference.com\/fr\/wp-json\/wp\/v2\/types\/post"}],"author":[{"embeddable":true,"href":"https:\/\/www.worldpolicyconference.com\/fr\/wp-json\/wp\/v2\/users\/1"}],"replies":[{"embeddable":true,"href":"https:\/\/www.worldpolicyconference.com\/fr\/wp-json\/wp\/v2\/comments?post=1070"}],"version-history":[{"count":0,"href":"https:\/\/www.worldpolicyconference.com\/fr\/wp-json\/wp\/v2\/posts\/1070\/revisions"}],"wp:featuredmedia":[{"embeddable":true,"href":"https:\/\/www.worldpolicyconference.com\/fr\/wp-json\/wp\/v2\/media\/10186"}],"wp:attachment":[{"href":"https:\/\/www.worldpolicyconference.com\/fr\/wp-json\/wp\/v2\/media?parent=1070"}],"wp:term":[{"taxonomy":"category","embeddable":true,"href":"https:\/\/www.worldpolicyconference.com\/fr\/wp-json\/wp\/v2\/categories?post=1070"},{"taxonomy":"post_tag","embeddable":true,"href":"https:\/\/www.worldpolicyconference.com\/fr\/wp-json\/wp\/v2\/tags?post=1070"}],"curies":[{"name":"wp","href":"https:\/\/api.w.org\/{rel}","templated":true}]}}