{"id":1082,"date":"2014-05-12T10:10:43","date_gmt":"2014-05-12T09:10:43","guid":{"rendered":"http:\/\/www.worldpolicyconference.com\/jos-ngel-crdova-villalobos\/"},"modified":"2018-06-07T13:43:32","modified_gmt":"2018-06-07T12:43:32","slug":"jos-ngel-crdova-villalobos","status":"publish","type":"post","link":"https:\/\/www.worldpolicyconference.com\/fr\/jos-ngel-crdova-villalobos\/","title":{"rendered":"Jos&eacute; &Aacute;ngel C&oacute;rdova Villalobos"},"content":{"rendered":"<p>Ministre mexicain de la Sant\u00e9. Il a \u00e9t\u00e9 pr\u00e9sident du comit\u00e9 g\u00e9n\u00e9ral de l\u2019Institut \u00e9lectoral de l\u2019\u00c9tat du Guanajuato, directeur de l\u2019acad\u00e9mie des professeurs et des \u00e9tudiants de la facult\u00e9 de m\u00e9decine de l\u2019universit\u00e9 de Guanajuato o\u00f9 il occupait \u00e9galement un poste de professeur \u00e0 temps plein. Il est dipl\u00f4m\u00e9 de la facult\u00e9 de m\u00e9decine de l\u2019universit\u00e9 de Guanajuato, avec une sp\u00e9cialisation en m\u00e9decine interne de l\u2019institut INNSZ de Mexico, et en chirurgie g\u00e9n\u00e9rale de l\u2019universit\u00e9 Paul Sabatier de Toulouse, France.<\/p>","protected":false},"excerpt":{"rendered":"<p>Ministre mexicain de la Sant\u00e9. Il a \u00e9t\u00e9 pr\u00e9sident du comit\u00e9 g\u00e9n\u00e9ral de l\u2019Institut \u00e9lectoral de l\u2019\u00c9tat du Guanajuato, directeur de l\u2019acad\u00e9mie des professeurs et des \u00e9tudiants de la facult\u00e9<\/p>\n","protected":false},"author":1,"featured_media":10450,"comment_status":"closed","ping_status":"open","sticky":false,"template":"","format":"standard","meta":{"footnotes":""},"categories":[8],"tags":[15],"class_list":["post-1082","post","type-post","status-publish","format-standard","has-post-thumbnail","hentry","category-invited-guests","tag-15"],"_links":{"self":[{"href":"https:\/\/www.worldpolicyconference.com\/fr\/wp-json\/wp\/v2\/posts\/1082","targetHints":{"allow":["GET"]}}],"collection":[{"href":"https:\/\/www.worldpolicyconference.com\/fr\/wp-json\/wp\/v2\/posts"}],"about":[{"href":"https:\/\/www.worldpolicyconference.com\/fr\/wp-json\/wp\/v2\/types\/post"}],"author":[{"embeddable":true,"href":"https:\/\/www.worldpolicyconference.com\/fr\/wp-json\/wp\/v2\/users\/1"}],"replies":[{"embeddable":true,"href":"https:\/\/www.worldpolicyconference.com\/fr\/wp-json\/wp\/v2\/comments?post=1082"}],"version-history":[{"count":0,"href":"https:\/\/www.worldpolicyconference.com\/fr\/wp-json\/wp\/v2\/posts\/1082\/revisions"}],"wp:featuredmedia":[{"embeddable":true,"href":"https:\/\/www.worldpolicyconference.com\/fr\/wp-json\/wp\/v2\/media\/10450"}],"wp:attachment":[{"href":"https:\/\/www.worldpolicyconference.com\/fr\/wp-json\/wp\/v2\/media?parent=1082"}],"wp:term":[{"taxonomy":"category","embeddable":true,"href":"https:\/\/www.worldpolicyconference.com\/fr\/wp-json\/wp\/v2\/categories?post=1082"},{"taxonomy":"post_tag","embeddable":true,"href":"https:\/\/www.worldpolicyconference.com\/fr\/wp-json\/wp\/v2\/tags?post=1082"}],"curies":[{"name":"wp","href":"https:\/\/api.w.org\/{rel}","templated":true}]}}