{"id":1084,"date":"2014-05-12T10:11:07","date_gmt":"2014-05-12T09:11:07","guid":{"rendered":"http:\/\/www.worldpolicyconference.com\/franois-wat\/"},"modified":"2022-12-07T11:52:20","modified_gmt":"2022-12-07T10:52:20","slug":"franois-wat","status":"publish","type":"post","link":"https:\/\/www.worldpolicyconference.com\/fr\/franois-wat\/","title":{"rendered":"Fran\u00e7ois Wat"},"content":{"rendered":"<p><span style=\"font-weight: 400;\">Associ\u00e9-g\u00e9rant, Co-Head of Global Equity Advisory, Rothschild Paris depuis 2008. \u00c0 ce titre, il conseille des soci\u00e9t\u00e9s cot\u00e9es dans le cadre de leur strat\u00e9gie notamment en mati\u00e8re de fusions et acquisitions, de financement et de restructuring. Il a \u00e9t\u00e9 Managing Director chez Deutsche Bank, responsable des march\u00e9s de capitaux (<em>Equity Capital Market<\/em>) pour l\u2019Asie Pacifique, bas\u00e9 \u00e0 Hong-Kong. En 1995, il a rejoint Deutsche Bank en tant que Managing Director, responsable des march\u00e9s actions \u00e0 Paris. Il a \u00e9t\u00e9 promu Head of European Equity Sales en 1998 et Head of European Equity en 2000. Il a \u00e9galement \u00e9t\u00e9 Managing Director et responsable du march\u00e9 des actions fran\u00e7aises chez S.G. Warburg Securities et directeur \u00e0 la banque Lazard &amp; Cie \u00e0 Paris. Il a une ma\u00eetrise de droit des affaires et fiscalit\u00e9 de l\u2019Universit\u00e9 de Paris et est dipl\u00f4m\u00e9 de l\u2019Institut d\u2019\u00e9tudes politiques de Paris.<\/span><\/p>","protected":false},"excerpt":{"rendered":"<p>Associ\u00e9-g\u00e9rant, Co-Head of Global Equity Advisory, Rothschild Paris depuis 2008. \u00c0 ce titre, il conseille des soci\u00e9t\u00e9s cot\u00e9es dans le cadre de leur strat\u00e9gie notamment en mati\u00e8re de fusions et<\/p>\n","protected":false},"author":1,"featured_media":9332,"comment_status":"closed","ping_status":"open","sticky":false,"template":"","format":"standard","meta":{"footnotes":""},"categories":[8],"tags":[17,14,10,20],"class_list":["post-1084","post","type-post","status-publish","format-standard","has-post-thumbnail","hentry","category-invited-guests","tag-17","tag-14","tag-10","tag-20"],"_links":{"self":[{"href":"https:\/\/www.worldpolicyconference.com\/fr\/wp-json\/wp\/v2\/posts\/1084","targetHints":{"allow":["GET"]}}],"collection":[{"href":"https:\/\/www.worldpolicyconference.com\/fr\/wp-json\/wp\/v2\/posts"}],"about":[{"href":"https:\/\/www.worldpolicyconference.com\/fr\/wp-json\/wp\/v2\/types\/post"}],"author":[{"embeddable":true,"href":"https:\/\/www.worldpolicyconference.com\/fr\/wp-json\/wp\/v2\/users\/1"}],"replies":[{"embeddable":true,"href":"https:\/\/www.worldpolicyconference.com\/fr\/wp-json\/wp\/v2\/comments?post=1084"}],"version-history":[{"count":0,"href":"https:\/\/www.worldpolicyconference.com\/fr\/wp-json\/wp\/v2\/posts\/1084\/revisions"}],"wp:featuredmedia":[{"embeddable":true,"href":"https:\/\/www.worldpolicyconference.com\/fr\/wp-json\/wp\/v2\/media\/9332"}],"wp:attachment":[{"href":"https:\/\/www.worldpolicyconference.com\/fr\/wp-json\/wp\/v2\/media?parent=1084"}],"wp:term":[{"taxonomy":"category","embeddable":true,"href":"https:\/\/www.worldpolicyconference.com\/fr\/wp-json\/wp\/v2\/categories?post=1084"},{"taxonomy":"post_tag","embeddable":true,"href":"https:\/\/www.worldpolicyconference.com\/fr\/wp-json\/wp\/v2\/tags?post=1084"}],"curies":[{"name":"wp","href":"https:\/\/api.w.org\/{rel}","templated":true}]}}