{"id":1086,"date":"2014-05-12T10:11:37","date_gmt":"2014-05-12T09:11:37","guid":{"rendered":"http:\/\/www.worldpolicyconference.com\/danilo-turk\/"},"modified":"2014-05-12T10:11:37","modified_gmt":"2014-05-12T09:11:37","slug":"danilo-turk","status":"publish","type":"post","link":"https:\/\/www.worldpolicyconference.com\/fr\/danilo-turk\/","title":{"rendered":"Danilo T\u00fcrk"},"content":{"rendered":"<p>Pr\u00e9sident de la R\u00e9publique de Slov\u00e9nie depuis 2007. En 1978, il a commenc\u00e9 \u00e0 enseigner le droit international \u00e0 la Facult\u00e9 de droit de Ljubljana. Il a \u00e9t\u00e9 Pr\u00e9sident de la Commission du SZDL pour les minorit\u00e9s et les migrants. En 1987, il est \u00e0 l\u2019initiative de la cr\u00e9ation du Conseil des droits de l\u2019homme en Slov\u00e9nie. Apr\u00e8s la d\u00e9claration d\u2019ind\u00e9pendance de la Slov\u00e9nie, il a particip\u00e9 activement aux activit\u00e9s diplomatiques. En 1992, il devient le premier Ambassadeur de la R\u00e9publique de Slov\u00e9nie aux Nations Unies. Il a \u00e9galement \u00e9t\u00e9 l\u2019assistant politique du Secr\u00e9taire g\u00e9n\u00e9ral des Nations Unies, Kofi Annan. Apr\u00e8s avoir \u0153uvr\u00e9 13 ans \u00e0 New-York, il regagne Ljubljana en 2005. Il a une ma\u00eetrise et un doctorat de la Facult\u00e9 de droit de l&rsquo;Universit\u00e9 de Ljubljana et un dipl\u00f4me de troisi\u00e8me cycle en droit de l&rsquo;Universit\u00e9 de Belgrade.<\/p>","protected":false},"excerpt":{"rendered":"<p>Pr\u00e9sident de la R\u00e9publique de Slov\u00e9nie depuis 2007. En 1978, il a commenc\u00e9 \u00e0 enseigner le droit international \u00e0 la Facult\u00e9 de droit de Ljubljana. Il a \u00e9t\u00e9 Pr\u00e9sident de<\/p>\n","protected":false},"author":1,"featured_media":1087,"comment_status":"closed","ping_status":"open","sticky":false,"template":"","format":"standard","meta":{"footnotes":""},"categories":[8],"tags":[],"class_list":["post-1086","post","type-post","status-publish","format-standard","has-post-thumbnail","hentry","category-invited-guests"],"_links":{"self":[{"href":"https:\/\/www.worldpolicyconference.com\/fr\/wp-json\/wp\/v2\/posts\/1086","targetHints":{"allow":["GET"]}}],"collection":[{"href":"https:\/\/www.worldpolicyconference.com\/fr\/wp-json\/wp\/v2\/posts"}],"about":[{"href":"https:\/\/www.worldpolicyconference.com\/fr\/wp-json\/wp\/v2\/types\/post"}],"author":[{"embeddable":true,"href":"https:\/\/www.worldpolicyconference.com\/fr\/wp-json\/wp\/v2\/users\/1"}],"replies":[{"embeddable":true,"href":"https:\/\/www.worldpolicyconference.com\/fr\/wp-json\/wp\/v2\/comments?post=1086"}],"version-history":[{"count":0,"href":"https:\/\/www.worldpolicyconference.com\/fr\/wp-json\/wp\/v2\/posts\/1086\/revisions"}],"wp:featuredmedia":[{"embeddable":true,"href":"https:\/\/www.worldpolicyconference.com\/fr\/wp-json\/wp\/v2\/media\/1087"}],"wp:attachment":[{"href":"https:\/\/www.worldpolicyconference.com\/fr\/wp-json\/wp\/v2\/media?parent=1086"}],"wp:term":[{"taxonomy":"category","embeddable":true,"href":"https:\/\/www.worldpolicyconference.com\/fr\/wp-json\/wp\/v2\/categories?post=1086"},{"taxonomy":"post_tag","embeddable":true,"href":"https:\/\/www.worldpolicyconference.com\/fr\/wp-json\/wp\/v2\/tags?post=1086"}],"curies":[{"name":"wp","href":"https:\/\/api.w.org\/{rel}","templated":true}]}}