{"id":1092,"date":"2014-05-12T10:13:01","date_gmt":"2014-05-12T09:13:01","guid":{"rendered":"http:\/\/www.worldpolicyconference.com\/hannes-swoboda\/"},"modified":"2018-06-12T12:05:26","modified_gmt":"2018-06-12T11:05:26","slug":"hannes-swoboda","status":"publish","type":"post","link":"https:\/\/www.worldpolicyconference.com\/fr\/hannes-swoboda\/","title":{"rendered":"Hannes Swoboda"},"content":{"rendered":"<p>Vice-pr\u00e9sident du Groupe de l&rsquo;Alliance Progressiste des Socialistes et D\u00e9mocrates au Parlement europ\u00e9en, membre de la Commission des Affaires \u00e9trang\u00e8res, de la D\u00e9l\u00e9gation aux commissions de coop\u00e9ration parlementaire UE-Kazakhstan, UE-Kirghizistan et UE-Ouzb\u00e9kistan et pour les relations avec le Tadjikistan, le Turkm\u00e9nistan et la Mongolie, de la D\u00e9l\u00e9gation pour les relations avec les Etats-Unis et de la D\u00e9l\u00e9gation \u00e0 l&rsquo;Assembl\u00e9e parlementaire Euronest. Il est d\u00e9put\u00e9 au Parlement europ\u00e9en depuis 1996, Vice-pr\u00e9sident du groupe du PSE au Parlement europ\u00e9en, Secr\u00e9taire du groupe PSE. Il a \u00e9t\u00e9 Vice-pr\u00e9sident de la d\u00e9l\u00e9gation interparlementaire pour les relations avec l&rsquo;Europe du Sud-Est (1997-2004). Il a fait des \u00e9tudes de droits et d\u2019\u00e9conomie.<\/p>","protected":false},"excerpt":{"rendered":"<p>Vice-pr\u00e9sident du Groupe de l&rsquo;Alliance Progressiste des Socialistes et D\u00e9mocrates au Parlement europ\u00e9en, membre de la Commission des Affaires \u00e9trang\u00e8res, de la D\u00e9l\u00e9gation aux commissions de coop\u00e9ration parlementaire UE-Kazakhstan, UE-Kirghizistan<\/p>\n","protected":false},"author":1,"featured_media":10656,"comment_status":"closed","ping_status":"open","sticky":false,"template":"","format":"standard","meta":{"footnotes":""},"categories":[8],"tags":[17],"class_list":["post-1092","post","type-post","status-publish","format-standard","has-post-thumbnail","hentry","category-invited-guests","tag-17"],"_links":{"self":[{"href":"https:\/\/www.worldpolicyconference.com\/fr\/wp-json\/wp\/v2\/posts\/1092","targetHints":{"allow":["GET"]}}],"collection":[{"href":"https:\/\/www.worldpolicyconference.com\/fr\/wp-json\/wp\/v2\/posts"}],"about":[{"href":"https:\/\/www.worldpolicyconference.com\/fr\/wp-json\/wp\/v2\/types\/post"}],"author":[{"embeddable":true,"href":"https:\/\/www.worldpolicyconference.com\/fr\/wp-json\/wp\/v2\/users\/1"}],"replies":[{"embeddable":true,"href":"https:\/\/www.worldpolicyconference.com\/fr\/wp-json\/wp\/v2\/comments?post=1092"}],"version-history":[{"count":0,"href":"https:\/\/www.worldpolicyconference.com\/fr\/wp-json\/wp\/v2\/posts\/1092\/revisions"}],"wp:featuredmedia":[{"embeddable":true,"href":"https:\/\/www.worldpolicyconference.com\/fr\/wp-json\/wp\/v2\/media\/10656"}],"wp:attachment":[{"href":"https:\/\/www.worldpolicyconference.com\/fr\/wp-json\/wp\/v2\/media?parent=1092"}],"wp:term":[{"taxonomy":"category","embeddable":true,"href":"https:\/\/www.worldpolicyconference.com\/fr\/wp-json\/wp\/v2\/categories?post=1092"},{"taxonomy":"post_tag","embeddable":true,"href":"https:\/\/www.worldpolicyconference.com\/fr\/wp-json\/wp\/v2\/tags?post=1092"}],"curies":[{"name":"wp","href":"https:\/\/api.w.org\/{rel}","templated":true}]}}