{"id":1096,"date":"2014-05-12T10:13:56","date_gmt":"2014-05-12T09:13:56","guid":{"rendered":"http:\/\/www.worldpolicyconference.com\/jean-michel-severino\/"},"modified":"2026-03-18T10:25:43","modified_gmt":"2026-03-18T09:25:43","slug":"jean-michel-severino","status":"publish","type":"post","link":"https:\/\/www.worldpolicyconference.com\/fr\/jean-michel-severino\/","title":{"rendered":"Jean-Michel Severino"},"content":{"rendered":"<p><\/p>\n<p style=\"text-align: justify;\"><span style=\"font-weight: 400;\">Membre de l\u2019Acad\u00e9mie des technologies, Pr\u00e9sident du conseil de surveillance d&rsquo;Investisseurs &amp; Partenaires (I&amp;P), Inspecteur G\u00e9n\u00e9ral des Finances, vice-pr\u00e9sident du conseil d\u2019administration de la Fondation pour la Recherche et le D\u00e9veloppement International (FERDI), Jean-Michel Severino a \u00e9t\u00e9 directeur du d\u00e9veloppement au minist\u00e8re fran\u00e7ais de la Coop\u00e9ration, vice-pr\u00e9sident pour l&rsquo;Asie de l&rsquo;Est \u00e0 la Banque mondiale et directeur g\u00e9n\u00e9ral de l&rsquo;Agence fran\u00e7aise de d\u00e9veloppement. Il a \u00e9t\u00e9 administrateur r\u00e9f\u00e9rent de Danone, pr\u00e9sident du conseil d\u2019administration d\u2019&rsquo;Ecobank International et administrateur d&rsquo;Orange, ainsi que des fondations Carrefour, Sanofi, Alstom et Avril. Il pr\u00e9side le\u00a0 <em>critical friends comittee<\/em>\u00a0de Veolia et le comit\u00e9 de gouvernance du conseil de surveillance de Michelin. Il a \u00e9galement \u00e9t\u00e9 Senior Fellow du German Marshall Fund, conseiller du commissaire europ\u00e9en au d\u00e9veloppement et membre du conseil des affaires \u00e9trang\u00e8res fran\u00e7ais. Il publie r\u00e9guli\u00e8rement dans la presse fran\u00e7aise et internationale et est auteur de plusieurs ouvrages sur l\u2019\u00e9conomie internationale, l\u2019Afrique et le d\u00e9veloppement.<\/span><\/p>\n<p><\/p>","protected":false},"excerpt":{"rendered":"<p>Membre de l\u2019Acad\u00e9mie des technologies, Pr\u00e9sident du conseil de surveillance d&rsquo;Investisseurs &amp; Partenaires (I&amp;P), Inspecteur G\u00e9n\u00e9ral des Finances, vice-pr\u00e9sident du conseil d\u2019administration de la Fondation pour la Recherche et le<\/p>\n","protected":false},"author":1,"featured_media":17457,"comment_status":"closed","ping_status":"open","sticky":false,"template":"","format":"standard","meta":{"footnotes":""},"categories":[8],"tags":[17,14,10,22,153,154,155,157],"class_list":["post-1096","post","type-post","status-publish","format-standard","has-post-thumbnail","hentry","category-invited-guests","tag-17","tag-14","tag-10","tag-22","tag-153","tag-154","tag-155","tag-157"],"_links":{"self":[{"href":"https:\/\/www.worldpolicyconference.com\/fr\/wp-json\/wp\/v2\/posts\/1096","targetHints":{"allow":["GET"]}}],"collection":[{"href":"https:\/\/www.worldpolicyconference.com\/fr\/wp-json\/wp\/v2\/posts"}],"about":[{"href":"https:\/\/www.worldpolicyconference.com\/fr\/wp-json\/wp\/v2\/types\/post"}],"author":[{"embeddable":true,"href":"https:\/\/www.worldpolicyconference.com\/fr\/wp-json\/wp\/v2\/users\/1"}],"replies":[{"embeddable":true,"href":"https:\/\/www.worldpolicyconference.com\/fr\/wp-json\/wp\/v2\/comments?post=1096"}],"version-history":[{"count":0,"href":"https:\/\/www.worldpolicyconference.com\/fr\/wp-json\/wp\/v2\/posts\/1096\/revisions"}],"wp:featuredmedia":[{"embeddable":true,"href":"https:\/\/www.worldpolicyconference.com\/fr\/wp-json\/wp\/v2\/media\/17457"}],"wp:attachment":[{"href":"https:\/\/www.worldpolicyconference.com\/fr\/wp-json\/wp\/v2\/media?parent=1096"}],"wp:term":[{"taxonomy":"category","embeddable":true,"href":"https:\/\/www.worldpolicyconference.com\/fr\/wp-json\/wp\/v2\/categories?post=1096"},{"taxonomy":"post_tag","embeddable":true,"href":"https:\/\/www.worldpolicyconference.com\/fr\/wp-json\/wp\/v2\/tags?post=1096"}],"curies":[{"name":"wp","href":"https:\/\/api.w.org\/{rel}","templated":true}]}}