{"id":1098,"date":"2014-05-12T10:14:23","date_gmt":"2014-05-12T09:14:23","guid":{"rendered":"http:\/\/www.worldpolicyconference.com\/luc-franois-salvador\/"},"modified":"2018-10-23T16:19:27","modified_gmt":"2018-10-23T15:19:27","slug":"luc-franois-salvador","status":"publish","type":"post","link":"https:\/\/www.worldpolicyconference.com\/fr\/luc-franois-salvador\/","title":{"rendered":"Luc-Fran\u00e7ois Salvador"},"content":{"rendered":"<p><\/p>\n<p style=\"text-align: justify;\">Pr\u00e9sident ex\u00e9cutif de la nouvelle entit\u00e9 Asie-Pacifique du groupe Capgemini. Ancien PDG du Groupe Sogeti et membre du Comit\u00e9 ex\u00e9cutif du Groupe Capgemini. Il est entr\u00e9 au sein du Groupe Cap Sogeti en 1978. Il a notamment \u00e9t\u00e9 directeur g\u00e9n\u00e9ral adjoint de Capgemini France, directeur g\u00e9n\u00e9ral d\u00e9l\u00e9gu\u00e9 de Capgemini America et directeur d\u00e9l\u00e9gu\u00e9 du Groupe Capgemini Ernst &amp; Young. Depuis 2009, il est charg\u00e9 de l\u2019animation des activit\u00e9s D\u00e9fense Nationale du Groupe Capgemini en France et de la repr\u00e9sentation du Comit\u00e9 Ex\u00e9cutif dans le domaine. Le Chef d\u2019Etat Major des Arm\u00e9es le charge en 2012 d\u2019assister l\u2019Officier G\u00e9n\u00e9ral de la Cyberd\u00e9fense en tant que Coordinateur National de la R\u00e9serve Citoyenne de Cyberd\u00e9fense. Il est dipl\u00f4m\u00e9 de l\u2019universit\u00e9 de <span style=\"font-weight: 400;\">Witwatersrand<\/span>, Afrique du Sud et il a \u00e9t\u00e9 auditeur de la 49\u00e8me Session nationale de l\u2019IHEDN.<\/p>\n<p><\/p>","protected":false},"excerpt":{"rendered":"<p>Pr\u00e9sident ex\u00e9cutif de la nouvelle entit\u00e9 Asie-Pacifique du groupe Capgemini. Ancien PDG du Groupe Sogeti et membre du Comit\u00e9 ex\u00e9cutif du Groupe Capgemini. Il est entr\u00e9 au sein du Groupe<\/p>\n","protected":false},"author":1,"featured_media":9596,"comment_status":"closed","ping_status":"open","sticky":false,"template":"","format":"standard","meta":{"footnotes":""},"categories":[8],"tags":[14,10,19],"class_list":["post-1098","post","type-post","status-publish","format-standard","has-post-thumbnail","hentry","category-invited-guests","tag-14","tag-10","tag-19"],"_links":{"self":[{"href":"https:\/\/www.worldpolicyconference.com\/fr\/wp-json\/wp\/v2\/posts\/1098","targetHints":{"allow":["GET"]}}],"collection":[{"href":"https:\/\/www.worldpolicyconference.com\/fr\/wp-json\/wp\/v2\/posts"}],"about":[{"href":"https:\/\/www.worldpolicyconference.com\/fr\/wp-json\/wp\/v2\/types\/post"}],"author":[{"embeddable":true,"href":"https:\/\/www.worldpolicyconference.com\/fr\/wp-json\/wp\/v2\/users\/1"}],"replies":[{"embeddable":true,"href":"https:\/\/www.worldpolicyconference.com\/fr\/wp-json\/wp\/v2\/comments?post=1098"}],"version-history":[{"count":0,"href":"https:\/\/www.worldpolicyconference.com\/fr\/wp-json\/wp\/v2\/posts\/1098\/revisions"}],"wp:featuredmedia":[{"embeddable":true,"href":"https:\/\/www.worldpolicyconference.com\/fr\/wp-json\/wp\/v2\/media\/9596"}],"wp:attachment":[{"href":"https:\/\/www.worldpolicyconference.com\/fr\/wp-json\/wp\/v2\/media?parent=1098"}],"wp:term":[{"taxonomy":"category","embeddable":true,"href":"https:\/\/www.worldpolicyconference.com\/fr\/wp-json\/wp\/v2\/categories?post=1098"},{"taxonomy":"post_tag","embeddable":true,"href":"https:\/\/www.worldpolicyconference.com\/fr\/wp-json\/wp\/v2\/tags?post=1098"}],"curies":[{"name":"wp","href":"https:\/\/api.w.org\/{rel}","templated":true}]}}