{"id":1109,"date":"2014-05-12T10:16:44","date_gmt":"2014-05-12T09:16:44","guid":{"rendered":"http:\/\/www.worldpolicyconference.com\/herman-rompuy-van\/"},"modified":"2018-05-03T15:56:27","modified_gmt":"2018-05-03T14:56:27","slug":"herman-rompuy-van","status":"publish","type":"post","link":"https:\/\/www.worldpolicyconference.com\/fr\/herman-rompuy-van\/","title":{"rendered":"Herman Rompuy (Van)"},"content":{"rendered":"<p><\/p>\n<p style=\"text-align: justify;\">Premier pr\u00e9sident permanent du Conseil europ\u00e9en. Il a \u00e9t\u00e9 Premier ministre de la Belgique en 2009. Pr\u00e9c\u00e9demment, il a \u00e9t\u00e9 Pr\u00e9sident de la Chambre des repr\u00e9sentants. Il a exerc\u00e9 diverses fonctions au sein du Gouvernement belge, notamment Secr\u00e9taire d&rsquo;\u00c9tat des Finances (1998), vice Premier ministre et ministre du Budget (1993-1999). Il a \u00e9galement \u00e9t\u00e9 \u00e9conomiste \u00e0 la Banque nationale de Belgique et a fait partie du S\u00e9nat (1988-1995) puis de la Chambre des repr\u00e9sentants (1995-2009).<\/p>\n<p><\/p>","protected":false},"excerpt":{"rendered":"<p>Premier pr\u00e9sident permanent du Conseil europ\u00e9en. Il a \u00e9t\u00e9 Premier ministre de la Belgique en 2009. Pr\u00e9c\u00e9demment, il a \u00e9t\u00e9 Pr\u00e9sident de la Chambre des repr\u00e9sentants. Il a exerc\u00e9 diverses<\/p>\n","protected":false},"author":1,"featured_media":9376,"comment_status":"closed","ping_status":"open","sticky":false,"template":"","format":"standard","meta":{"footnotes":""},"categories":[8],"tags":[10],"class_list":["post-1109","post","type-post","status-publish","format-standard","has-post-thumbnail","hentry","category-invited-guests","tag-10"],"_links":{"self":[{"href":"https:\/\/www.worldpolicyconference.com\/fr\/wp-json\/wp\/v2\/posts\/1109","targetHints":{"allow":["GET"]}}],"collection":[{"href":"https:\/\/www.worldpolicyconference.com\/fr\/wp-json\/wp\/v2\/posts"}],"about":[{"href":"https:\/\/www.worldpolicyconference.com\/fr\/wp-json\/wp\/v2\/types\/post"}],"author":[{"embeddable":true,"href":"https:\/\/www.worldpolicyconference.com\/fr\/wp-json\/wp\/v2\/users\/1"}],"replies":[{"embeddable":true,"href":"https:\/\/www.worldpolicyconference.com\/fr\/wp-json\/wp\/v2\/comments?post=1109"}],"version-history":[{"count":0,"href":"https:\/\/www.worldpolicyconference.com\/fr\/wp-json\/wp\/v2\/posts\/1109\/revisions"}],"wp:featuredmedia":[{"embeddable":true,"href":"https:\/\/www.worldpolicyconference.com\/fr\/wp-json\/wp\/v2\/media\/9376"}],"wp:attachment":[{"href":"https:\/\/www.worldpolicyconference.com\/fr\/wp-json\/wp\/v2\/media?parent=1109"}],"wp:term":[{"taxonomy":"category","embeddable":true,"href":"https:\/\/www.worldpolicyconference.com\/fr\/wp-json\/wp\/v2\/categories?post=1109"},{"taxonomy":"post_tag","embeddable":true,"href":"https:\/\/www.worldpolicyconference.com\/fr\/wp-json\/wp\/v2\/tags?post=1109"}],"curies":[{"name":"wp","href":"https:\/\/api.w.org\/{rel}","templated":true}]}}