{"id":1113,"date":"2014-05-12T10:17:27","date_gmt":"2014-05-12T09:17:27","guid":{"rendered":"http:\/\/www.worldpolicyconference.com\/claus-j-raidl\/"},"modified":"2018-06-12T11:59:31","modified_gmt":"2018-06-12T10:59:31","slug":"claus-j-raidl","status":"publish","type":"post","link":"https:\/\/www.worldpolicyconference.com\/fr\/claus-j-raidl\/","title":{"rendered":"Claus J. Raidl"},"content":{"rendered":"<p><\/p>\n<p>Pr\u00e9sident de l\u2019<em>Oesterreichische Nationalbank<\/em> depuis 2008. Il a \u00e9t\u00e9 Pr\u00e9sident-Directeur G\u00e9n\u00e9ral de B\u00f6hler-Uddeholm AG (1991-2010), Vice-pr\u00e9sident de Voest-Alpine Stahl AG (1998-1992) et Vice-pr\u00e9sident de Voest-Alpine AG (1986-1988). Il a d\u00e9but\u00e9 sa carri\u00e8re en tant qu\u2019assistant \u00e0 l\u2019Institute for Applied Social and Economic Research (1970-1971). Il \u00e9crit de nombreux articles sur les questions \u00e9conomiques et financi\u00e8res actuelles dans des revues \u00e9conomiques. Il est titulaire d\u2019une ma\u00eetrise en commerce et d\u2019un doctorat en \u00e9conomie de la Vienna University of Economics.<\/p>\n<p><\/p>","protected":false},"excerpt":{"rendered":"<p>Pr\u00e9sident de l\u2019Oesterreichische Nationalbank depuis 2008. Il a \u00e9t\u00e9 Pr\u00e9sident-Directeur G\u00e9n\u00e9ral de B\u00f6hler-Uddeholm AG (1991-2010), Vice-pr\u00e9sident de Voest-Alpine Stahl AG (1998-1992) et Vice-pr\u00e9sident de Voest-Alpine AG (1986-1988). Il a d\u00e9but\u00e9<\/p>\n","protected":false},"author":1,"featured_media":10652,"comment_status":"closed","ping_status":"open","sticky":false,"template":"","format":"standard","meta":{"footnotes":""},"categories":[8],"tags":[17],"class_list":["post-1113","post","type-post","status-publish","format-standard","has-post-thumbnail","hentry","category-invited-guests","tag-17"],"_links":{"self":[{"href":"https:\/\/www.worldpolicyconference.com\/fr\/wp-json\/wp\/v2\/posts\/1113","targetHints":{"allow":["GET"]}}],"collection":[{"href":"https:\/\/www.worldpolicyconference.com\/fr\/wp-json\/wp\/v2\/posts"}],"about":[{"href":"https:\/\/www.worldpolicyconference.com\/fr\/wp-json\/wp\/v2\/types\/post"}],"author":[{"embeddable":true,"href":"https:\/\/www.worldpolicyconference.com\/fr\/wp-json\/wp\/v2\/users\/1"}],"replies":[{"embeddable":true,"href":"https:\/\/www.worldpolicyconference.com\/fr\/wp-json\/wp\/v2\/comments?post=1113"}],"version-history":[{"count":0,"href":"https:\/\/www.worldpolicyconference.com\/fr\/wp-json\/wp\/v2\/posts\/1113\/revisions"}],"wp:featuredmedia":[{"embeddable":true,"href":"https:\/\/www.worldpolicyconference.com\/fr\/wp-json\/wp\/v2\/media\/10652"}],"wp:attachment":[{"href":"https:\/\/www.worldpolicyconference.com\/fr\/wp-json\/wp\/v2\/media?parent=1113"}],"wp:term":[{"taxonomy":"category","embeddable":true,"href":"https:\/\/www.worldpolicyconference.com\/fr\/wp-json\/wp\/v2\/categories?post=1113"},{"taxonomy":"post_tag","embeddable":true,"href":"https:\/\/www.worldpolicyconference.com\/fr\/wp-json\/wp\/v2\/tags?post=1113"}],"curies":[{"name":"wp","href":"https:\/\/api.w.org\/{rel}","templated":true}]}}