{"id":1117,"date":"2014-05-12T10:18:11","date_gmt":"2014-05-12T09:18:11","guid":{"rendered":"http:\/\/www.worldpolicyconference.com\/friedbert-pfluger\/"},"modified":"2024-12-18T15:00:56","modified_gmt":"2024-12-18T14:00:56","slug":"friedbert-pfluger","status":"publish","type":"post","link":"https:\/\/www.worldpolicyconference.com\/fr\/friedbert-pfluger\/","title":{"rendered":"Friedbert Pfl\u00fcger"},"content":{"rendered":"<p><\/p>\n<p style=\"text-align: justify;\"><span style=\"font-weight: 400;\">Directeur associ\u00e9 du Clean Energy Forum (CEF) et directeur g\u00e9n\u00e9ral de Pfl\u00fcger International GmbH. Il est conseiller principal chez Berlin Global Advisors (BGA) et pr\u00e9sident du conseil de surveillance de Zukunft Gas (la voix de l&rsquo;\u00e9conomie du gaz et de l&rsquo;hydrog\u00e8ne). Il est membre du conseil consultatif de l&rsquo;Institut pour le climat, l&rsquo;\u00e9nergie et la mobilit\u00e9 (IKEM) et Senior Fellow au Global Energy Centre de l&rsquo;Atlantic Council, \u00e0 Washington D.C. Il a \u00e9t\u00e9 secr\u00e9taire de presse de l&rsquo;ancien pr\u00e9sident allemand Richard von Weizs\u00e4cker. Il a \u00e9galement \u00e9t\u00e9 membre du Bundestag (1990-2006), pr\u00e9sident de la commission du Bundestag sur les affaires de l&rsquo;Union europ\u00e9enne (1998-2004) et vice-ministre de la d\u00e9fense dans le premier gouvernement Merkel (2005-2006).<\/span><\/p>\n<p><\/p>","protected":false},"excerpt":{"rendered":"<p>Directeur associ\u00e9 du Clean Energy Forum (CEF) et directeur g\u00e9n\u00e9ral de Pfl\u00fcger International GmbH. Il est conseiller principal chez Berlin Global Advisors (BGA) et pr\u00e9sident du conseil de surveillance de<\/p>\n","protected":false},"author":1,"featured_media":17345,"comment_status":"closed","ping_status":"open","sticky":false,"template":"","format":"standard","meta":{"footnotes":""},"categories":[8],"tags":[17,22,153,154],"class_list":["post-1117","post","type-post","status-publish","format-standard","has-post-thumbnail","hentry","category-invited-guests","tag-17","tag-22","tag-153","tag-154"],"_links":{"self":[{"href":"https:\/\/www.worldpolicyconference.com\/fr\/wp-json\/wp\/v2\/posts\/1117","targetHints":{"allow":["GET"]}}],"collection":[{"href":"https:\/\/www.worldpolicyconference.com\/fr\/wp-json\/wp\/v2\/posts"}],"about":[{"href":"https:\/\/www.worldpolicyconference.com\/fr\/wp-json\/wp\/v2\/types\/post"}],"author":[{"embeddable":true,"href":"https:\/\/www.worldpolicyconference.com\/fr\/wp-json\/wp\/v2\/users\/1"}],"replies":[{"embeddable":true,"href":"https:\/\/www.worldpolicyconference.com\/fr\/wp-json\/wp\/v2\/comments?post=1117"}],"version-history":[{"count":0,"href":"https:\/\/www.worldpolicyconference.com\/fr\/wp-json\/wp\/v2\/posts\/1117\/revisions"}],"wp:featuredmedia":[{"embeddable":true,"href":"https:\/\/www.worldpolicyconference.com\/fr\/wp-json\/wp\/v2\/media\/17345"}],"wp:attachment":[{"href":"https:\/\/www.worldpolicyconference.com\/fr\/wp-json\/wp\/v2\/media?parent=1117"}],"wp:term":[{"taxonomy":"category","embeddable":true,"href":"https:\/\/www.worldpolicyconference.com\/fr\/wp-json\/wp\/v2\/categories?post=1117"},{"taxonomy":"post_tag","embeddable":true,"href":"https:\/\/www.worldpolicyconference.com\/fr\/wp-json\/wp\/v2\/tags?post=1117"}],"curies":[{"name":"wp","href":"https:\/\/api.w.org\/{rel}","templated":true}]}}