{"id":1125,"date":"2014-05-12T10:20:12","date_gmt":"2014-05-12T09:20:12","guid":{"rendered":"http:\/\/www.worldpolicyconference.com\/eva-nowotny\/"},"modified":"2018-05-14T14:14:14","modified_gmt":"2018-05-14T13:14:14","slug":"eva-nowotny","status":"publish","type":"post","link":"https:\/\/www.worldpolicyconference.com\/fr\/eva-nowotny\/","title":{"rendered":"Eva Nowotny"},"content":{"rendered":"<p><\/p>\n<p style=\"text-align: justify;\">Pr\u00e9sidente du Conseil de Surveillance de l\u2019Universit\u00e9 de Vienne et\u00a0Pr\u00e9sidente de\u00a0la Commission autrichienne\u00a0pour l&rsquo;UNESCO.\u00a0Elle est entr\u00e9e au Minist\u00e8re des Affaires \u00e9trang\u00e8res autrichien\u00a0en\u00a01973. Elle a \u00e9t\u00e9\u00a0conseill\u00e8re \u00e0 la Mission permanente de l\u2019Autriche aupr\u00e8s des Nations Unies \u00e0 New York.\u00a0Puis,\u00a0elle a \u00e9t\u00e9 nomm\u00e9econseill\u00e8re en politique \u00e9trang\u00e8re\u00a0aupr\u00e8s du Chancelier\u00a0f\u00e9d\u00e9ral d\u2019Autriche.\u00a0Elle a \u00e9t\u00e9\u00a0l&rsquo;Ambassadeur d&rsquo;Autriche\u00a0en France\u00a0(1992-1997) et\u00a0l&rsquo;Ambassadeur d&rsquo;Autricheau Royaume-Uni de Grande-Bretagne et d\u2019Irlande du Nord\u00a0(1997-1999) et\u00a0l&rsquo;Ambassadeur d&rsquo;Autriche\u00a0aux Etats-Unis, et accr\u00e9dit\u00e9\u00a0aupr\u00e8s du Commonwealth\u00a0des Bahamas\u00a0(2003-2008).\u00a0Elle a quitt\u00e9 le minist\u00e8re des Affaires \u00e9trang\u00e8res\u00a0en octobre 2008.\u00a0Elle a \u00e9tudi\u00e9\u00a0 l\u2019histoire et la litt\u00e9rature allemande \u00e0\u00a0l&rsquo;Universit\u00e9 de\u00a0Vienne et\u00a0a re\u00e7u son doctorat\u00a0en 1968.<\/p>\n<p><\/p>","protected":false},"excerpt":{"rendered":"<p>Pr\u00e9sidente du Conseil de Surveillance de l\u2019Universit\u00e9 de Vienne et\u00a0Pr\u00e9sidente de\u00a0la Commission autrichienne\u00a0pour l&rsquo;UNESCO.\u00a0Elle est entr\u00e9e au Minist\u00e8re des Affaires \u00e9trang\u00e8res autrichien\u00a0en\u00a01973. Elle a \u00e9t\u00e9\u00a0conseill\u00e8re \u00e0 la Mission permanente de<\/p>\n","protected":false},"author":1,"featured_media":9799,"comment_status":"closed","ping_status":"open","sticky":false,"template":"","format":"standard","meta":{"footnotes":""},"categories":[8],"tags":[17],"class_list":["post-1125","post","type-post","status-publish","format-standard","has-post-thumbnail","hentry","category-invited-guests","tag-17"],"_links":{"self":[{"href":"https:\/\/www.worldpolicyconference.com\/fr\/wp-json\/wp\/v2\/posts\/1125","targetHints":{"allow":["GET"]}}],"collection":[{"href":"https:\/\/www.worldpolicyconference.com\/fr\/wp-json\/wp\/v2\/posts"}],"about":[{"href":"https:\/\/www.worldpolicyconference.com\/fr\/wp-json\/wp\/v2\/types\/post"}],"author":[{"embeddable":true,"href":"https:\/\/www.worldpolicyconference.com\/fr\/wp-json\/wp\/v2\/users\/1"}],"replies":[{"embeddable":true,"href":"https:\/\/www.worldpolicyconference.com\/fr\/wp-json\/wp\/v2\/comments?post=1125"}],"version-history":[{"count":0,"href":"https:\/\/www.worldpolicyconference.com\/fr\/wp-json\/wp\/v2\/posts\/1125\/revisions"}],"wp:featuredmedia":[{"embeddable":true,"href":"https:\/\/www.worldpolicyconference.com\/fr\/wp-json\/wp\/v2\/media\/9799"}],"wp:attachment":[{"href":"https:\/\/www.worldpolicyconference.com\/fr\/wp-json\/wp\/v2\/media?parent=1125"}],"wp:term":[{"taxonomy":"category","embeddable":true,"href":"https:\/\/www.worldpolicyconference.com\/fr\/wp-json\/wp\/v2\/categories?post=1125"},{"taxonomy":"post_tag","embeddable":true,"href":"https:\/\/www.worldpolicyconference.com\/fr\/wp-json\/wp\/v2\/tags?post=1125"}],"curies":[{"name":"wp","href":"https:\/\/api.w.org\/{rel}","templated":true}]}}