{"id":1133,"date":"2014-05-12T10:21:52","date_gmt":"2014-05-12T09:21:52","guid":{"rendered":"http:\/\/www.worldpolicyconference.com\/jean-claude-meyer\/"},"modified":"2026-04-15T15:15:33","modified_gmt":"2026-04-15T14:15:33","slug":"jean-claude-meyer","status":"publish","type":"post","link":"https:\/\/www.worldpolicyconference.com\/fr\/jean-claude-meyer\/","title":{"rendered":"Jean-Claude Meyer"},"content":{"rendered":"<p><\/p>\n<p style=\"text-align: justify;\"><span style=\"font-weight: 400;\">Vice Chairman International de Rothschild &amp; Cie (H.). Avant de rejoindre Rothschild en 1989 en tant qu\u2019associ\u00e9-g\u00e9rant, il a \u00e9t\u00e9 g\u00e9rant de Lazard Fr\u00e8res &amp; Cie entre 1976 et 1988. De 1973 \u00e0 1976, il a \u00e9t\u00e9 charg\u00e9 de mission \u00e0 la D\u00e9l\u00e9gation \u00e0 l\u2019am\u00e9nagement du territoire et \u00e0 l\u2019action r\u00e9gionale (DATAR). Il est administrateur de l\u2019Ifri et pr\u00e9sident du \u00ab Cercle de la Biblioth\u00e8que nationale de France \u00bb. Commandeur de la L\u00e9gion d\u2019honneur. M. Meyer est dipl\u00f4m\u00e9 de l\u2019Institut d\u2019\u00e9tudes politiques de Paris, licenci\u00e9 en droit et a suivi un doctorat en gestion de l\u2019Universit\u00e9 Paris-Dauphine.<\/span><\/p>\n<p><\/p>","protected":false},"excerpt":{"rendered":"<p>Vice Chairman International de Rothschild &amp; Cie (H.). Avant de rejoindre Rothschild en 1989 en tant qu\u2019associ\u00e9-g\u00e9rant, il a \u00e9t\u00e9 g\u00e9rant de Lazard Fr\u00e8res &amp; Cie entre 1976 et 1988.<\/p>\n","protected":false},"author":1,"featured_media":17462,"comment_status":"closed","ping_status":"open","sticky":false,"template":"","format":"standard","meta":{"footnotes":""},"categories":[8],"tags":[17,14,10,20,22,25,127,153,154,155,157],"class_list":["post-1133","post","type-post","status-publish","format-standard","has-post-thumbnail","hentry","category-invited-guests","tag-17","tag-14","tag-10","tag-20","tag-22","tag-25","tag-127","tag-153","tag-154","tag-155","tag-157"],"_links":{"self":[{"href":"https:\/\/www.worldpolicyconference.com\/fr\/wp-json\/wp\/v2\/posts\/1133","targetHints":{"allow":["GET"]}}],"collection":[{"href":"https:\/\/www.worldpolicyconference.com\/fr\/wp-json\/wp\/v2\/posts"}],"about":[{"href":"https:\/\/www.worldpolicyconference.com\/fr\/wp-json\/wp\/v2\/types\/post"}],"author":[{"embeddable":true,"href":"https:\/\/www.worldpolicyconference.com\/fr\/wp-json\/wp\/v2\/users\/1"}],"replies":[{"embeddable":true,"href":"https:\/\/www.worldpolicyconference.com\/fr\/wp-json\/wp\/v2\/comments?post=1133"}],"version-history":[{"count":0,"href":"https:\/\/www.worldpolicyconference.com\/fr\/wp-json\/wp\/v2\/posts\/1133\/revisions"}],"wp:featuredmedia":[{"embeddable":true,"href":"https:\/\/www.worldpolicyconference.com\/fr\/wp-json\/wp\/v2\/media\/17462"}],"wp:attachment":[{"href":"https:\/\/www.worldpolicyconference.com\/fr\/wp-json\/wp\/v2\/media?parent=1133"}],"wp:term":[{"taxonomy":"category","embeddable":true,"href":"https:\/\/www.worldpolicyconference.com\/fr\/wp-json\/wp\/v2\/categories?post=1133"},{"taxonomy":"post_tag","embeddable":true,"href":"https:\/\/www.worldpolicyconference.com\/fr\/wp-json\/wp\/v2\/tags?post=1133"}],"curies":[{"name":"wp","href":"https:\/\/api.w.org\/{rel}","templated":true}]}}