{"id":1135,"date":"2014-05-12T10:22:18","date_gmt":"2014-05-12T09:22:18","guid":{"rendered":"http:\/\/www.worldpolicyconference.com\/michael-metzeltin\/"},"modified":"2018-06-12T11:47:57","modified_gmt":"2018-06-12T10:47:57","slug":"michael-metzeltin","status":"publish","type":"post","link":"https:\/\/www.worldpolicyconference.com\/fr\/michael-metzeltin\/","title":{"rendered":"Michael Metzeltin"},"content":{"rendered":"<p><\/p>\n<p>Professeur titulaire de la chaire de linguistique et didactique des langues romanes \u00e0 l\u2019Universit\u00e9 de Vienne depuis 1989. Il a donn\u00e9 des conf\u00e9rences dans presque tous les pays d\u2019Europe, \u00e0 Cuba, au Chili et au P\u00e9rou. Il est membre de l\u2019Acad\u00e9mie des Sciences Autrichienne et membre d\u2019honneur de l\u2019Acad\u00e9mie des Sciences de Roumanie. Il est co-fondateur et co-\u00e9diteur du <em>Lexikon der Romanistischen Linguistik<\/em>, du <em>Romanistisches Kolloquium<\/em> et des collections <em>Cinderella<\/em>. Il a fait des \u00e9tudes de Philologie Romane dans les universit\u00e9s de B\u00e2le, Z\u00fcrich, Salamanca, Co\u00efmbre et Padoue. Il a \u00e9t\u00e9 re\u00e7u docteur en philologie ib\u00e9ro-romane, en linguistique fran\u00e7aise et en litt\u00e9rature italienne en 1969.<\/p>\n<p><\/p>","protected":false},"excerpt":{"rendered":"<p>Professeur titulaire de la chaire de linguistique et didactique des langues romanes \u00e0 l\u2019Universit\u00e9 de Vienne depuis 1989. Il a donn\u00e9 des conf\u00e9rences dans presque tous les pays d\u2019Europe, \u00e0<\/p>\n","protected":false},"author":1,"featured_media":10645,"comment_status":"closed","ping_status":"open","sticky":false,"template":"","format":"standard","meta":{"footnotes":""},"categories":[8],"tags":[17],"class_list":["post-1135","post","type-post","status-publish","format-standard","has-post-thumbnail","hentry","category-invited-guests","tag-17"],"_links":{"self":[{"href":"https:\/\/www.worldpolicyconference.com\/fr\/wp-json\/wp\/v2\/posts\/1135","targetHints":{"allow":["GET"]}}],"collection":[{"href":"https:\/\/www.worldpolicyconference.com\/fr\/wp-json\/wp\/v2\/posts"}],"about":[{"href":"https:\/\/www.worldpolicyconference.com\/fr\/wp-json\/wp\/v2\/types\/post"}],"author":[{"embeddable":true,"href":"https:\/\/www.worldpolicyconference.com\/fr\/wp-json\/wp\/v2\/users\/1"}],"replies":[{"embeddable":true,"href":"https:\/\/www.worldpolicyconference.com\/fr\/wp-json\/wp\/v2\/comments?post=1135"}],"version-history":[{"count":0,"href":"https:\/\/www.worldpolicyconference.com\/fr\/wp-json\/wp\/v2\/posts\/1135\/revisions"}],"wp:featuredmedia":[{"embeddable":true,"href":"https:\/\/www.worldpolicyconference.com\/fr\/wp-json\/wp\/v2\/media\/10645"}],"wp:attachment":[{"href":"https:\/\/www.worldpolicyconference.com\/fr\/wp-json\/wp\/v2\/media?parent=1135"}],"wp:term":[{"taxonomy":"category","embeddable":true,"href":"https:\/\/www.worldpolicyconference.com\/fr\/wp-json\/wp\/v2\/categories?post=1135"},{"taxonomy":"post_tag","embeddable":true,"href":"https:\/\/www.worldpolicyconference.com\/fr\/wp-json\/wp\/v2\/tags?post=1135"}],"curies":[{"name":"wp","href":"https:\/\/api.w.org\/{rel}","templated":true}]}}