{"id":1139,"date":"2014-05-12T10:23:15","date_gmt":"2014-05-12T09:23:15","guid":{"rendered":"http:\/\/www.worldpolicyconference.com\/joseph-mala\/"},"modified":"2026-03-24T10:32:59","modified_gmt":"2026-03-24T09:32:59","slug":"joseph-mala","status":"publish","type":"post","link":"https:\/\/www.worldpolicyconference.com\/fr\/joseph-mala\/","title":{"rendered":"Joseph Ma\u00efla"},"content":{"rendered":"<p><\/p>\n<p style=\"text-align: justify;\"><span style=\"font-weight: 400;\">Professeur de g\u00e9opolitique et de relations internationales et Senior fellow \u00e0 l&rsquo;ESSEC Business School. Il a \u00e9t\u00e9 doyen de la Facult\u00e9 de sciences sociales et \u00e9conomiques de l\u2019Institut Catholique de Paris, puis recteur de cette universit\u00e9. Il a \u00e9t\u00e9 directeur de la Prospective (CAPS) au minist\u00e8re des Affaires \u00e9trang\u00e8res. Laur\u00e9at de l\u2019Institut d\u2019\u00e9tudes politiques de Paris, il est docteur en philosophie et docteur en sciences sociales. Il est membre du Conseil strat\u00e9gique de l&rsquo;Ifri et du Comit\u00e9 de r\u00e9daction de la revue <em>\u00c9tudes<\/em>.<\/span><\/p>\n<p><\/p>","protected":false},"excerpt":{"rendered":"<p>Professeur de g\u00e9opolitique et de relations internationales et Senior fellow \u00e0 l&rsquo;ESSEC Business School. Il a \u00e9t\u00e9 doyen de la Facult\u00e9 de sciences sociales et \u00e9conomiques de l\u2019Institut Catholique de<\/p>\n","protected":false},"author":1,"featured_media":15772,"comment_status":"closed","ping_status":"open","sticky":false,"template":"","format":"standard","meta":{"footnotes":""},"categories":[8],"tags":[17,30,153,155,157],"class_list":["post-1139","post","type-post","status-publish","format-standard","has-post-thumbnail","hentry","category-invited-guests","tag-17","tag-30","tag-153","tag-155","tag-157"],"_links":{"self":[{"href":"https:\/\/www.worldpolicyconference.com\/fr\/wp-json\/wp\/v2\/posts\/1139","targetHints":{"allow":["GET"]}}],"collection":[{"href":"https:\/\/www.worldpolicyconference.com\/fr\/wp-json\/wp\/v2\/posts"}],"about":[{"href":"https:\/\/www.worldpolicyconference.com\/fr\/wp-json\/wp\/v2\/types\/post"}],"author":[{"embeddable":true,"href":"https:\/\/www.worldpolicyconference.com\/fr\/wp-json\/wp\/v2\/users\/1"}],"replies":[{"embeddable":true,"href":"https:\/\/www.worldpolicyconference.com\/fr\/wp-json\/wp\/v2\/comments?post=1139"}],"version-history":[{"count":0,"href":"https:\/\/www.worldpolicyconference.com\/fr\/wp-json\/wp\/v2\/posts\/1139\/revisions"}],"wp:featuredmedia":[{"embeddable":true,"href":"https:\/\/www.worldpolicyconference.com\/fr\/wp-json\/wp\/v2\/media\/15772"}],"wp:attachment":[{"href":"https:\/\/www.worldpolicyconference.com\/fr\/wp-json\/wp\/v2\/media?parent=1139"}],"wp:term":[{"taxonomy":"category","embeddable":true,"href":"https:\/\/www.worldpolicyconference.com\/fr\/wp-json\/wp\/v2\/categories?post=1139"},{"taxonomy":"post_tag","embeddable":true,"href":"https:\/\/www.worldpolicyconference.com\/fr\/wp-json\/wp\/v2\/tags?post=1139"}],"curies":[{"name":"wp","href":"https:\/\/api.w.org\/{rel}","templated":true}]}}