{"id":1151,"date":"2014-05-12T10:26:04","date_gmt":"2014-05-12T09:26:04","guid":{"rendered":"http:\/\/www.worldpolicyconference.com\/petra-laux\/"},"modified":"2018-06-12T11:43:18","modified_gmt":"2018-06-12T10:43:18","slug":"petra-laux","status":"publish","type":"post","link":"https:\/\/www.worldpolicyconference.com\/fr\/petra-laux\/","title":{"rendered":"Petra Laux"},"content":{"rendered":"<p><\/p>\n<p>Directrice des Affaires Ext\u00e9rieures et Gouvernementales pour Novartis depuis 2006. Elle a \u00e9t\u00e9 Directrice des Affaires Publiques Europ\u00e9ennes pour Novartis Group. Elle a d\u00e9but\u00e9 sa carri\u00e8re pour GlaxoWellcome \u00e0 Hambourg, au poste de Directrice de l\u2019unit\u00e9 Politiques de Sant\u00e9. Elle a ensuite \u00e9t\u00e9 Directrice des Affaires de Sant\u00e9 et Gouvernementales pour SmithKlineBeecham \u00e0 Munich. Apr\u00e8s la fusion de SmithKlineBeecham et GlaxoWellcome pour former GlaxoSmithKline (GSK), elle a dirig\u00e9 les Affaires Globales et Gouvernementales Europ\u00e9ennes dans l\u2019ensemble des filiales GSK de l\u2019Union Europ\u00e9enne. Elle a rejoint Novartis en 2004. Elle a obtenu un doctorat en pharmaco-chimie et un Master en Sant\u00e9 Publique de l\u2019Ecole Sup\u00e9rieure de M\u00e9decine d\u2019Hanovre.<\/p>\n<p><\/p>","protected":false},"excerpt":{"rendered":"<p>Directrice des Affaires Ext\u00e9rieures et Gouvernementales pour Novartis depuis 2006. Elle a \u00e9t\u00e9 Directrice des Affaires Publiques Europ\u00e9ennes pour Novartis Group. Elle a d\u00e9but\u00e9 sa carri\u00e8re pour GlaxoWellcome \u00e0 Hambourg,<\/p>\n","protected":false},"author":1,"featured_media":10642,"comment_status":"closed","ping_status":"open","sticky":false,"template":"","format":"standard","meta":{"footnotes":""},"categories":[8],"tags":[17],"class_list":["post-1151","post","type-post","status-publish","format-standard","has-post-thumbnail","hentry","category-invited-guests","tag-17"],"_links":{"self":[{"href":"https:\/\/www.worldpolicyconference.com\/fr\/wp-json\/wp\/v2\/posts\/1151","targetHints":{"allow":["GET"]}}],"collection":[{"href":"https:\/\/www.worldpolicyconference.com\/fr\/wp-json\/wp\/v2\/posts"}],"about":[{"href":"https:\/\/www.worldpolicyconference.com\/fr\/wp-json\/wp\/v2\/types\/post"}],"author":[{"embeddable":true,"href":"https:\/\/www.worldpolicyconference.com\/fr\/wp-json\/wp\/v2\/users\/1"}],"replies":[{"embeddable":true,"href":"https:\/\/www.worldpolicyconference.com\/fr\/wp-json\/wp\/v2\/comments?post=1151"}],"version-history":[{"count":0,"href":"https:\/\/www.worldpolicyconference.com\/fr\/wp-json\/wp\/v2\/posts\/1151\/revisions"}],"wp:featuredmedia":[{"embeddable":true,"href":"https:\/\/www.worldpolicyconference.com\/fr\/wp-json\/wp\/v2\/media\/10642"}],"wp:attachment":[{"href":"https:\/\/www.worldpolicyconference.com\/fr\/wp-json\/wp\/v2\/media?parent=1151"}],"wp:term":[{"taxonomy":"category","embeddable":true,"href":"https:\/\/www.worldpolicyconference.com\/fr\/wp-json\/wp\/v2\/categories?post=1151"},{"taxonomy":"post_tag","embeddable":true,"href":"https:\/\/www.worldpolicyconference.com\/fr\/wp-json\/wp\/v2\/tags?post=1151"}],"curies":[{"name":"wp","href":"https:\/\/api.w.org\/{rel}","templated":true}]}}