{"id":1153,"date":"2014-05-12T10:26:30","date_gmt":"2014-05-12T09:26:30","guid":{"rendered":"http:\/\/www.worldpolicyconference.com\/karsten-langer\/"},"modified":"2020-06-22T16:29:16","modified_gmt":"2020-06-22T15:29:16","slug":"karsten-langer","status":"publish","type":"post","link":"https:\/\/www.worldpolicyconference.com\/fr\/karsten-langer\/","title":{"rendered":"Karsten Langer"},"content":{"rendered":"<p><\/p>\n<p style=\"text-align: justify;\">Dirigeant associ\u00e9 au sein de la soci\u00e9t\u00e9 priv\u00e9e de capital investissement, The Riverside Company, depuis 2006 et Pr\u00e9sident de l&rsquo;EVCA (European Private Equity et Venture Capital Association). Auparavant, il g\u00e9rait une soci\u00e9t\u00e9 ind\u00e9pendante de conseil en fusions acquisitions en Europe, \u00e0 Bruxelles. Il a \u00e9galement pass\u00e9 cinq ans chez GE Capital Europe, notamment en tant que Chef d\u2019exploitation de TIP et de Modular Space. Il a commenc\u00e9 sa carri\u00e8re \u00e0 la Danske Bank \u00e0 Copenhague. Il a une licence en sciences \u00e9conomiques de la Copenhagen Business School et une ma\u00eetrise en gestion de l&rsquo;EAP, European School of Management (aujourd\u2019hui ESCP Europe).<\/p>\n<p><\/p>","protected":false},"excerpt":{"rendered":"<p>Dirigeant associ\u00e9 au sein de la soci\u00e9t\u00e9 priv\u00e9e de capital investissement, The Riverside Company, depuis 2006 et Pr\u00e9sident de l&rsquo;EVCA (European Private Equity et Venture Capital Association). Auparavant, il g\u00e9rait<\/p>\n","protected":false},"author":1,"featured_media":10167,"comment_status":"closed","ping_status":"open","sticky":false,"template":"","format":"standard","meta":{"footnotes":""},"categories":[8],"tags":[17,14],"class_list":["post-1153","post","type-post","status-publish","format-standard","has-post-thumbnail","hentry","category-invited-guests","tag-17","tag-14"],"_links":{"self":[{"href":"https:\/\/www.worldpolicyconference.com\/fr\/wp-json\/wp\/v2\/posts\/1153","targetHints":{"allow":["GET"]}}],"collection":[{"href":"https:\/\/www.worldpolicyconference.com\/fr\/wp-json\/wp\/v2\/posts"}],"about":[{"href":"https:\/\/www.worldpolicyconference.com\/fr\/wp-json\/wp\/v2\/types\/post"}],"author":[{"embeddable":true,"href":"https:\/\/www.worldpolicyconference.com\/fr\/wp-json\/wp\/v2\/users\/1"}],"replies":[{"embeddable":true,"href":"https:\/\/www.worldpolicyconference.com\/fr\/wp-json\/wp\/v2\/comments?post=1153"}],"version-history":[{"count":0,"href":"https:\/\/www.worldpolicyconference.com\/fr\/wp-json\/wp\/v2\/posts\/1153\/revisions"}],"wp:featuredmedia":[{"embeddable":true,"href":"https:\/\/www.worldpolicyconference.com\/fr\/wp-json\/wp\/v2\/media\/10167"}],"wp:attachment":[{"href":"https:\/\/www.worldpolicyconference.com\/fr\/wp-json\/wp\/v2\/media?parent=1153"}],"wp:term":[{"taxonomy":"category","embeddable":true,"href":"https:\/\/www.worldpolicyconference.com\/fr\/wp-json\/wp\/v2\/categories?post=1153"},{"taxonomy":"post_tag","embeddable":true,"href":"https:\/\/www.worldpolicyconference.com\/fr\/wp-json\/wp\/v2\/tags?post=1153"}],"curies":[{"name":"wp","href":"https:\/\/api.w.org\/{rel}","templated":true}]}}