{"id":1157,"date":"2014-05-12T10:27:27","date_gmt":"2014-05-12T09:27:27","guid":{"rendered":"http:\/\/www.worldpolicyconference.com\/oya-nl-kzl\/"},"modified":"2018-05-03T16:01:45","modified_gmt":"2018-05-03T15:01:45","slug":"oya-nl-kzl","status":"publish","type":"post","link":"https:\/\/www.worldpolicyconference.com\/fr\/oya-nl-kzl\/","title":{"rendered":"Oya \u00dcnl\u00fc K\u03b9z\u03b9l"},"content":{"rendered":"<p><\/p>\n<p>Directrice de la Communication et des Relations ext\u00e9rieures, Ko\u00e7 Holding. Elle a d\u00e9but\u00e9 sa carri\u00e8re en 1992 en tant que sp\u00e9cialiste pour l\u00b4Administration de Privatisation de Turquie. Elle a \u00e9t\u00e9 Gestionnaire de Portefeuille pour la r\u00e9gion Moyen-Orient et Afrique du Nord \u00e0 la Banque Mondiale. D\u00e8s 2001, elle a \u00e9t\u00e9 conseill\u00e8re principale aupr\u00e8s du minist\u00e8re de l\u2019Economie. En 2003, elle entre chez Ko\u00e7 Holding comme conseill\u00e8re du PDG. Elle est notamment membre du conseil d&rsquo;administration de la Fondation d&rsquo;Istanbul pour la Culture et des Arts (IFCA), de la Soci\u00e9t\u00e9 des Volontaires du Secteur Priv\u00e9 (OSGD). Elle est dipl\u00f4m\u00e9e du d\u00e9partement de gestion de l\u2019Universit\u00e9 Technique du Moyen-Orient et est titulaire d\u2019un MBA en affaires internationales de l&rsquo;Universit\u00e9 George Washington.<\/p>\n<p><\/p>","protected":false},"excerpt":{"rendered":"<p>Directrice de la Communication et des Relations ext\u00e9rieures, Ko\u00e7 Holding. Elle a d\u00e9but\u00e9 sa carri\u00e8re en 1992 en tant que sp\u00e9cialiste pour l\u00b4Administration de Privatisation de Turquie. Elle a \u00e9t\u00e9<\/p>\n","protected":false},"author":1,"featured_media":9428,"comment_status":"closed","ping_status":"open","sticky":false,"template":"","format":"standard","meta":{"footnotes":""},"categories":[8],"tags":[17],"class_list":["post-1157","post","type-post","status-publish","format-standard","has-post-thumbnail","hentry","category-invited-guests","tag-17"],"_links":{"self":[{"href":"https:\/\/www.worldpolicyconference.com\/fr\/wp-json\/wp\/v2\/posts\/1157","targetHints":{"allow":["GET"]}}],"collection":[{"href":"https:\/\/www.worldpolicyconference.com\/fr\/wp-json\/wp\/v2\/posts"}],"about":[{"href":"https:\/\/www.worldpolicyconference.com\/fr\/wp-json\/wp\/v2\/types\/post"}],"author":[{"embeddable":true,"href":"https:\/\/www.worldpolicyconference.com\/fr\/wp-json\/wp\/v2\/users\/1"}],"replies":[{"embeddable":true,"href":"https:\/\/www.worldpolicyconference.com\/fr\/wp-json\/wp\/v2\/comments?post=1157"}],"version-history":[{"count":0,"href":"https:\/\/www.worldpolicyconference.com\/fr\/wp-json\/wp\/v2\/posts\/1157\/revisions"}],"wp:featuredmedia":[{"embeddable":true,"href":"https:\/\/www.worldpolicyconference.com\/fr\/wp-json\/wp\/v2\/media\/9428"}],"wp:attachment":[{"href":"https:\/\/www.worldpolicyconference.com\/fr\/wp-json\/wp\/v2\/media?parent=1157"}],"wp:term":[{"taxonomy":"category","embeddable":true,"href":"https:\/\/www.worldpolicyconference.com\/fr\/wp-json\/wp\/v2\/categories?post=1157"},{"taxonomy":"post_tag","embeddable":true,"href":"https:\/\/www.worldpolicyconference.com\/fr\/wp-json\/wp\/v2\/tags?post=1157"}],"curies":[{"name":"wp","href":"https:\/\/api.w.org\/{rel}","templated":true}]}}