{"id":1159,"date":"2014-05-12T10:27:52","date_gmt":"2014-05-12T09:27:52","guid":{"rendered":"http:\/\/www.worldpolicyconference.com\/jak-v-kamhi\/"},"modified":"2018-06-12T11:24:25","modified_gmt":"2018-06-12T10:24:25","slug":"jak-v-kamhi","status":"publish","type":"post","link":"https:\/\/www.worldpolicyconference.com\/fr\/jak-v-kamhi\/","title":{"rendered":"Jak V. Kamhi"},"content":{"rendered":"<p><\/p>\n<p>Pr\u00e9sident de Profilo Holding AS. Principal industriel turc, il est membre du Conseil de la Chambre de Commerce d\u2019Istanbul. Il a occup\u00e9 la fonction de conseiller aupr\u00e8s du Premier ministre turc pour les relations Turquie-Europe et Turquie-Etats-Unis, et celle d\u2019Ambassadeur volontaire pour les Affaires europ\u00e9ennes. M. Kamhi est membre fondateur de la Ronald Reagan Presidential Foundation et membre du Conseil du World Business Council (Conseil mondial des Affaires). Il est le seul industriel turc \u00e0 avoir \u00e9t\u00e9 \u00e9lu membre de la Table ronde des Industriels europ\u00e9ens (ERT). Il est dipl\u00f4m\u00e9 de la Y\u0131ld\u0131z Technical University.<\/p>\n<p><\/p>","protected":false},"excerpt":{"rendered":"<p>Pr\u00e9sident de Profilo Holding AS. Principal industriel turc, il est membre du Conseil de la Chambre de Commerce d\u2019Istanbul. Il a occup\u00e9 la fonction de conseiller aupr\u00e8s du Premier ministre<\/p>\n","protected":false},"author":1,"featured_media":10641,"comment_status":"closed","ping_status":"open","sticky":false,"template":"","format":"standard","meta":{"footnotes":""},"categories":[8],"tags":[17],"class_list":["post-1159","post","type-post","status-publish","format-standard","has-post-thumbnail","hentry","category-invited-guests","tag-17"],"_links":{"self":[{"href":"https:\/\/www.worldpolicyconference.com\/fr\/wp-json\/wp\/v2\/posts\/1159","targetHints":{"allow":["GET"]}}],"collection":[{"href":"https:\/\/www.worldpolicyconference.com\/fr\/wp-json\/wp\/v2\/posts"}],"about":[{"href":"https:\/\/www.worldpolicyconference.com\/fr\/wp-json\/wp\/v2\/types\/post"}],"author":[{"embeddable":true,"href":"https:\/\/www.worldpolicyconference.com\/fr\/wp-json\/wp\/v2\/users\/1"}],"replies":[{"embeddable":true,"href":"https:\/\/www.worldpolicyconference.com\/fr\/wp-json\/wp\/v2\/comments?post=1159"}],"version-history":[{"count":0,"href":"https:\/\/www.worldpolicyconference.com\/fr\/wp-json\/wp\/v2\/posts\/1159\/revisions"}],"wp:featuredmedia":[{"embeddable":true,"href":"https:\/\/www.worldpolicyconference.com\/fr\/wp-json\/wp\/v2\/media\/10641"}],"wp:attachment":[{"href":"https:\/\/www.worldpolicyconference.com\/fr\/wp-json\/wp\/v2\/media?parent=1159"}],"wp:term":[{"taxonomy":"category","embeddable":true,"href":"https:\/\/www.worldpolicyconference.com\/fr\/wp-json\/wp\/v2\/categories?post=1159"},{"taxonomy":"post_tag","embeddable":true,"href":"https:\/\/www.worldpolicyconference.com\/fr\/wp-json\/wp\/v2\/tags?post=1159"}],"curies":[{"name":"wp","href":"https:\/\/api.w.org\/{rel}","templated":true}]}}