{"id":1173,"date":"2014-05-12T10:31:04","date_gmt":"2014-05-12T09:31:04","guid":{"rendered":"http:\/\/www.worldpolicyconference.com\/nicolas-de-germay\/"},"modified":"2026-04-16T18:34:56","modified_gmt":"2026-04-16T17:34:56","slug":"nicolas-de-germay","status":"publish","type":"post","link":"https:\/\/www.worldpolicyconference.com\/fr\/nicolas-de-germay\/","title":{"rendered":"Nicolas de Germay"},"content":{"rendered":"<p><\/p>\n<p style=\"text-align: justify;\"><span style=\"font-weight: 400;\">Vice-pr\u00e9sident de la WPC, il g\u00e8re l\u2019organisation de la conf\u00e9rence annuelle depuis 2008. Il est, par ailleurs, PDG et fondateur du\u00a0fonds de retournement\u00a0Alandia Industries, un acteur majeur du retournement d\u2019entreprise en France. Il a par le pass\u00e9 dirig\u00e9 une soci\u00e9t\u00e9 de conseil en\u00a0restructuring qui est intervenue pour le compte d\u2019\u00e9tats ou de fonds souverains. Ancien Vice-pr\u00e9sident de la Chambre de Commerce Franco indienne o\u00f9 il \u00e9tait plus particuli\u00e8rement en charge des questions agricoles. Enfin, il est, ou a \u00e9t\u00e9, membre de comit\u00e9s consultatifs tels que British Telecom ou PWC. Il a publi\u00e9 un ouvrage sur la mondialisation intitul\u00e9 <em>Mondialisation, un autre regard<\/em> en juin 2010 et un sur la\u00a0restructuration industrielle en France (2015).<\/span><\/p>\n<p><\/p>","protected":false},"excerpt":{"rendered":"<p>Vice-pr\u00e9sident de la WPC, il g\u00e8re l\u2019organisation de la conf\u00e9rence annuelle depuis 2008. Il est, par ailleurs, PDG et fondateur du\u00a0fonds de retournement\u00a0Alandia Industries, un acteur majeur du retournement d\u2019entreprise<\/p>\n","protected":false},"author":1,"featured_media":12602,"comment_status":"closed","ping_status":"open","sticky":false,"template":"","format":"standard","meta":{"footnotes":""},"categories":[8],"tags":[18,15,16,17,14,10,19,20,21,22,25,153,154,155,157],"class_list":["post-1173","post","type-post","status-publish","format-standard","has-post-thumbnail","hentry","category-invited-guests","tag-18","tag-15","tag-16","tag-17","tag-14","tag-10","tag-19","tag-20","tag-21","tag-22","tag-25","tag-153","tag-154","tag-155","tag-157"],"_links":{"self":[{"href":"https:\/\/www.worldpolicyconference.com\/fr\/wp-json\/wp\/v2\/posts\/1173","targetHints":{"allow":["GET"]}}],"collection":[{"href":"https:\/\/www.worldpolicyconference.com\/fr\/wp-json\/wp\/v2\/posts"}],"about":[{"href":"https:\/\/www.worldpolicyconference.com\/fr\/wp-json\/wp\/v2\/types\/post"}],"author":[{"embeddable":true,"href":"https:\/\/www.worldpolicyconference.com\/fr\/wp-json\/wp\/v2\/users\/1"}],"replies":[{"embeddable":true,"href":"https:\/\/www.worldpolicyconference.com\/fr\/wp-json\/wp\/v2\/comments?post=1173"}],"version-history":[{"count":0,"href":"https:\/\/www.worldpolicyconference.com\/fr\/wp-json\/wp\/v2\/posts\/1173\/revisions"}],"wp:featuredmedia":[{"embeddable":true,"href":"https:\/\/www.worldpolicyconference.com\/fr\/wp-json\/wp\/v2\/media\/12602"}],"wp:attachment":[{"href":"https:\/\/www.worldpolicyconference.com\/fr\/wp-json\/wp\/v2\/media?parent=1173"}],"wp:term":[{"taxonomy":"category","embeddable":true,"href":"https:\/\/www.worldpolicyconference.com\/fr\/wp-json\/wp\/v2\/categories?post=1173"},{"taxonomy":"post_tag","embeddable":true,"href":"https:\/\/www.worldpolicyconference.com\/fr\/wp-json\/wp\/v2\/tags?post=1173"}],"curies":[{"name":"wp","href":"https:\/\/api.w.org\/{rel}","templated":true}]}}