{"id":1175,"date":"2014-05-12T10:31:27","date_gmt":"2014-05-12T09:31:27","guid":{"rendered":"http:\/\/www.worldpolicyconference.com\/gary-litman\/"},"modified":"2026-04-10T17:27:19","modified_gmt":"2026-04-10T16:27:19","slug":"gary-litman","status":"publish","type":"post","link":"https:\/\/www.worldpolicyconference.com\/fr\/gary-litman\/","title":{"rendered":"Gary Litman"},"content":{"rendered":"<p><\/p>\n<p style=\"text-align: justify;\"><span style=\"font-weight: 400;\">Vice-pr\u00e9sident des initiatives mondiales \u00e0 la Chambre de commerce des \u00c9tats-Unis. Il est responsable de la d\u00e9fense par la Chambre des politiques du programme de r\u00e9forme \u00e9conomique du G20, du G7 et des institutions internationales. Il dirige la participation de la Chambre \u00e0 une s\u00e9rie de coalitions d&rsquo;entreprises mondiales et de sommets d&rsquo;entreprises connexes ax\u00e9s sur des politiques \u00e9conomiques durables. En outre, il supervise l&rsquo;\u00e9laboration des politiques du groupe de travail de la Chambre sur la durabilit\u00e9 des ressources mondiales, de la Coalition politique internationale pour la croissance durable, du Partenariat mondial des entreprises pour la sant\u00e9 et des dialogues avec le FMI, le groupe de la Banque mondiale, l&rsquo;OCDE et les agences des Nations unies, entre autres institutions. Auparavant, M. Litman \u00e9tait vice-pr\u00e9sident de la Chambre de commerce pour l&rsquo;Europe et l&rsquo;Eurasie. Il a notamment t\u00e9moign\u00e9 au nom de l&rsquo;U.S. Chamber devant le Congr\u00e8s am\u00e9ricain, prononc\u00e9 des discours et particip\u00e9 \u00e0 des groupes de discussion aux Nations unies, et particip\u00e9 \u00e0 divers forums internationaux et \u00e0 d&rsquo;importantes conf\u00e9rences am\u00e9ricaines et internationales. Il a publi\u00e9 des articles sur la politique transatlantique, les contr\u00f4les \u00e0 l&rsquo;exportation, la privatisation, l&rsquo;industrie p\u00e9troli\u00e8re et gazi\u00e8re et la propri\u00e9t\u00e9 intellectuelle.<\/span><\/p>\n<p><\/p>","protected":false},"excerpt":{"rendered":"<p>Vice-pr\u00e9sident des initiatives mondiales \u00e0 la Chambre de commerce des \u00c9tats-Unis. Il est responsable de la d\u00e9fense par la Chambre des politiques du programme de r\u00e9forme \u00e9conomique du G20, du<\/p>\n","protected":false},"author":1,"featured_media":17410,"comment_status":"closed","ping_status":"open","sticky":false,"template":"","format":"standard","meta":{"footnotes":""},"categories":[8],"tags":[10,155,157],"class_list":["post-1175","post","type-post","status-publish","format-standard","has-post-thumbnail","hentry","category-invited-guests","tag-10","tag-155","tag-157"],"_links":{"self":[{"href":"https:\/\/www.worldpolicyconference.com\/fr\/wp-json\/wp\/v2\/posts\/1175","targetHints":{"allow":["GET"]}}],"collection":[{"href":"https:\/\/www.worldpolicyconference.com\/fr\/wp-json\/wp\/v2\/posts"}],"about":[{"href":"https:\/\/www.worldpolicyconference.com\/fr\/wp-json\/wp\/v2\/types\/post"}],"author":[{"embeddable":true,"href":"https:\/\/www.worldpolicyconference.com\/fr\/wp-json\/wp\/v2\/users\/1"}],"replies":[{"embeddable":true,"href":"https:\/\/www.worldpolicyconference.com\/fr\/wp-json\/wp\/v2\/comments?post=1175"}],"version-history":[{"count":0,"href":"https:\/\/www.worldpolicyconference.com\/fr\/wp-json\/wp\/v2\/posts\/1175\/revisions"}],"wp:featuredmedia":[{"embeddable":true,"href":"https:\/\/www.worldpolicyconference.com\/fr\/wp-json\/wp\/v2\/media\/17410"}],"wp:attachment":[{"href":"https:\/\/www.worldpolicyconference.com\/fr\/wp-json\/wp\/v2\/media?parent=1175"}],"wp:term":[{"taxonomy":"category","embeddable":true,"href":"https:\/\/www.worldpolicyconference.com\/fr\/wp-json\/wp\/v2\/categories?post=1175"},{"taxonomy":"post_tag","embeddable":true,"href":"https:\/\/www.worldpolicyconference.com\/fr\/wp-json\/wp\/v2\/tags?post=1175"}],"curies":[{"name":"wp","href":"https:\/\/api.w.org\/{rel}","templated":true}]}}