{"id":1179,"date":"2014-05-12T10:32:26","date_gmt":"2014-05-12T09:32:26","guid":{"rendered":"http:\/\/www.worldpolicyconference.com\/paal-frisvold\/"},"modified":"2018-06-12T11:12:11","modified_gmt":"2018-06-12T10:12:11","slug":"paal-frisvold","status":"publish","type":"post","link":"https:\/\/www.worldpolicyconference.com\/fr\/paal-frisvold\/","title":{"rendered":"Paal Frisvold"},"content":{"rendered":"<p><\/p>\n<p>Pr\u00e9sident du conseil d\u2019administration, Bellona Europa ASBL. Depuis 2001, il fait partie de l&rsquo;\u00e9quipe \u00e9nergie de Bellona dont le principal objectif est de promouvoir des politiques, solutions technologiques et incitations \u00e9conomiques afin d\u2019inverser et stabiliser le changement climatique et r\u00e9duire la pauvret\u00e9. Il a travaill\u00e9 \u00e0 l&rsquo;Ambassade de Norv\u00e8ge \u00e0 P\u00e9kin, au minist\u00e8re des Affaires \u00e9trang\u00e8res \u00e0 Oslo, au Secr\u00e9tariat de l&rsquo;OCDE \u00e0 Paris. Il a \u00e9t\u00e9 \u00e9lu pr\u00e9sident du Mouvement europ\u00e9en &#8211; Norv\u00e8ge en 2009. Il est titulaire d&rsquo;un Master en relations internationales de la Johns Hopkins University\u2019s School of Advanced International Studies (SAIS) et un dipl\u00f4me en sciences politiques de l\u2019American University of Paris.<\/p>\n<p><\/p>","protected":false},"excerpt":{"rendered":"<p>Pr\u00e9sident du conseil d\u2019administration, Bellona Europa ASBL. Depuis 2001, il fait partie de l&rsquo;\u00e9quipe \u00e9nergie de Bellona dont le principal objectif est de promouvoir des politiques, solutions technologiques et incitations<\/p>\n","protected":false},"author":1,"featured_media":9781,"comment_status":"closed","ping_status":"open","sticky":false,"template":"","format":"standard","meta":{"footnotes":""},"categories":[8],"tags":[17],"class_list":["post-1179","post","type-post","status-publish","format-standard","has-post-thumbnail","hentry","category-invited-guests","tag-17"],"_links":{"self":[{"href":"https:\/\/www.worldpolicyconference.com\/fr\/wp-json\/wp\/v2\/posts\/1179","targetHints":{"allow":["GET"]}}],"collection":[{"href":"https:\/\/www.worldpolicyconference.com\/fr\/wp-json\/wp\/v2\/posts"}],"about":[{"href":"https:\/\/www.worldpolicyconference.com\/fr\/wp-json\/wp\/v2\/types\/post"}],"author":[{"embeddable":true,"href":"https:\/\/www.worldpolicyconference.com\/fr\/wp-json\/wp\/v2\/users\/1"}],"replies":[{"embeddable":true,"href":"https:\/\/www.worldpolicyconference.com\/fr\/wp-json\/wp\/v2\/comments?post=1179"}],"version-history":[{"count":0,"href":"https:\/\/www.worldpolicyconference.com\/fr\/wp-json\/wp\/v2\/posts\/1179\/revisions"}],"wp:featuredmedia":[{"embeddable":true,"href":"https:\/\/www.worldpolicyconference.com\/fr\/wp-json\/wp\/v2\/media\/9781"}],"wp:attachment":[{"href":"https:\/\/www.worldpolicyconference.com\/fr\/wp-json\/wp\/v2\/media?parent=1179"}],"wp:term":[{"taxonomy":"category","embeddable":true,"href":"https:\/\/www.worldpolicyconference.com\/fr\/wp-json\/wp\/v2\/categories?post=1179"},{"taxonomy":"post_tag","embeddable":true,"href":"https:\/\/www.worldpolicyconference.com\/fr\/wp-json\/wp\/v2\/tags?post=1179"}],"curies":[{"name":"wp","href":"https:\/\/api.w.org\/{rel}","templated":true}]}}