{"id":1189,"date":"2014-05-12T10:34:17","date_gmt":"2014-05-12T09:34:17","guid":{"rendered":"http:\/\/www.worldpolicyconference.com\/joschka-fischer\/"},"modified":"2018-06-12T11:04:35","modified_gmt":"2018-06-12T10:04:35","slug":"joschka-fischer","status":"publish","type":"post","link":"https:\/\/www.worldpolicyconference.com\/fr\/joschka-fischer\/","title":{"rendered":"Joschka Fischer"},"content":{"rendered":"<p><\/p>\n<p style=\"text-align: justify;\">Ancien Vice-chancelier et ministre des Affaires \u00e9trang\u00e8res de la R\u00e9publique f\u00e9d\u00e9rale d&rsquo;Allemagne (1998-2005). Il a dirig\u00e9 le Parti Vert lors de sa premi\u00e8re participation au gouvernement, dans le land de Hesse et au niveau f\u00e9d\u00e9ral. De 2006 \u00e0 2007, il a \u00e9t\u00e9 professeur \u00e0 la Woodrow Wilson School of International and Public Affairs \u00e0 l&rsquo;Universit\u00e9 de Princeton (Etats-Unis). Il est membre du conseil d&rsquo;administration de l&rsquo;International Crisis Group et du conseil ex\u00e9cutif du European Council on Foreign Relations. Il est associ\u00e9 fondateur de Joschka Fischer and Company.<\/p>\n<p><\/p>","protected":false},"excerpt":{"rendered":"<p>Ancien Vice-chancelier et ministre des Affaires \u00e9trang\u00e8res de la R\u00e9publique f\u00e9d\u00e9rale d&rsquo;Allemagne (1998-2005). Il a dirig\u00e9 le Parti Vert lors de sa premi\u00e8re participation au gouvernement, dans le land de<\/p>\n","protected":false},"author":1,"featured_media":9765,"comment_status":"closed","ping_status":"open","sticky":false,"template":"","format":"standard","meta":{"footnotes":""},"categories":[8],"tags":[17],"class_list":["post-1189","post","type-post","status-publish","format-standard","has-post-thumbnail","hentry","category-invited-guests","tag-17"],"_links":{"self":[{"href":"https:\/\/www.worldpolicyconference.com\/fr\/wp-json\/wp\/v2\/posts\/1189","targetHints":{"allow":["GET"]}}],"collection":[{"href":"https:\/\/www.worldpolicyconference.com\/fr\/wp-json\/wp\/v2\/posts"}],"about":[{"href":"https:\/\/www.worldpolicyconference.com\/fr\/wp-json\/wp\/v2\/types\/post"}],"author":[{"embeddable":true,"href":"https:\/\/www.worldpolicyconference.com\/fr\/wp-json\/wp\/v2\/users\/1"}],"replies":[{"embeddable":true,"href":"https:\/\/www.worldpolicyconference.com\/fr\/wp-json\/wp\/v2\/comments?post=1189"}],"version-history":[{"count":0,"href":"https:\/\/www.worldpolicyconference.com\/fr\/wp-json\/wp\/v2\/posts\/1189\/revisions"}],"wp:featuredmedia":[{"embeddable":true,"href":"https:\/\/www.worldpolicyconference.com\/fr\/wp-json\/wp\/v2\/media\/9765"}],"wp:attachment":[{"href":"https:\/\/www.worldpolicyconference.com\/fr\/wp-json\/wp\/v2\/media?parent=1189"}],"wp:term":[{"taxonomy":"category","embeddable":true,"href":"https:\/\/www.worldpolicyconference.com\/fr\/wp-json\/wp\/v2\/categories?post=1189"},{"taxonomy":"post_tag","embeddable":true,"href":"https:\/\/www.worldpolicyconference.com\/fr\/wp-json\/wp\/v2\/tags?post=1189"}],"curies":[{"name":"wp","href":"https:\/\/api.w.org\/{rel}","templated":true}]}}