{"id":1191,"date":"2014-05-12T10:34:47","date_gmt":"2014-05-12T09:34:47","guid":{"rendered":"http:\/\/www.worldpolicyconference.com\/heinz-fischer\/"},"modified":"2018-06-12T11:05:34","modified_gmt":"2018-06-12T10:05:34","slug":"heinz-fischer","status":"publish","type":"post","link":"https:\/\/www.worldpolicyconference.com\/fr\/heinz-fischer\/","title":{"rendered":"Heinz Fischer"},"content":{"rendered":"<p>Pr\u00e9sident f\u00e9d\u00e9ral de la R\u00e9publique d\u2019Autriche (depuis 2002 et jusqu\u2019en 2016). Il est membre du Conseil national de S\u00e9curit\u00e9 et du Conseil des Affaires \u00e9trang\u00e8res d\u2019Autriche. Le Dr. Fischer a \u00e9galement \u00e9t\u00e9 Vice-pr\u00e9sident du Parti socialiste europ\u00e9en (PSE), membre du Conseil national autrichien, ministre f\u00e9d\u00e9ral des Sciences et de la Recherche et Secr\u00e9taire du groupe socialiste au Parlement autrichien. Il est l\u2019auteur de livres et de nombreux \u00e9crits consacr\u00e9s aux sciences juridiques et politiques. Il a \u00e9tudi\u00e9 le droit et les sciences politiques \u00e0 l\u2019universit\u00e9 de Vienne o\u00f9 il est promu Docteur en droit.<\/p>","protected":false},"excerpt":{"rendered":"<p>Pr\u00e9sident f\u00e9d\u00e9ral de la R\u00e9publique d\u2019Autriche (depuis 2002 et jusqu\u2019en 2016). Il est membre du Conseil national de S\u00e9curit\u00e9 et du Conseil des Affaires \u00e9trang\u00e8res d\u2019Autriche. Le Dr. Fischer a<\/p>\n","protected":false},"author":1,"featured_media":10632,"comment_status":"closed","ping_status":"open","sticky":false,"template":"","format":"standard","meta":{"footnotes":""},"categories":[8],"tags":[17],"class_list":["post-1191","post","type-post","status-publish","format-standard","has-post-thumbnail","hentry","category-invited-guests","tag-17"],"_links":{"self":[{"href":"https:\/\/www.worldpolicyconference.com\/fr\/wp-json\/wp\/v2\/posts\/1191","targetHints":{"allow":["GET"]}}],"collection":[{"href":"https:\/\/www.worldpolicyconference.com\/fr\/wp-json\/wp\/v2\/posts"}],"about":[{"href":"https:\/\/www.worldpolicyconference.com\/fr\/wp-json\/wp\/v2\/types\/post"}],"author":[{"embeddable":true,"href":"https:\/\/www.worldpolicyconference.com\/fr\/wp-json\/wp\/v2\/users\/1"}],"replies":[{"embeddable":true,"href":"https:\/\/www.worldpolicyconference.com\/fr\/wp-json\/wp\/v2\/comments?post=1191"}],"version-history":[{"count":0,"href":"https:\/\/www.worldpolicyconference.com\/fr\/wp-json\/wp\/v2\/posts\/1191\/revisions"}],"wp:featuredmedia":[{"embeddable":true,"href":"https:\/\/www.worldpolicyconference.com\/fr\/wp-json\/wp\/v2\/media\/10632"}],"wp:attachment":[{"href":"https:\/\/www.worldpolicyconference.com\/fr\/wp-json\/wp\/v2\/media?parent=1191"}],"wp:term":[{"taxonomy":"category","embeddable":true,"href":"https:\/\/www.worldpolicyconference.com\/fr\/wp-json\/wp\/v2\/categories?post=1191"},{"taxonomy":"post_tag","embeddable":true,"href":"https:\/\/www.worldpolicyconference.com\/fr\/wp-json\/wp\/v2\/tags?post=1191"}],"curies":[{"name":"wp","href":"https:\/\/api.w.org\/{rel}","templated":true}]}}