{"id":1199,"date":"2014-05-12T10:36:41","date_gmt":"2014-05-12T09:36:41","guid":{"rendered":"http:\/\/www.worldpolicyconference.com\/hasan-murat-mercan\/"},"modified":"2018-05-15T09:36:40","modified_gmt":"2018-05-15T08:36:40","slug":"hasan-murat-mercan","status":"publish","type":"post","link":"https:\/\/www.worldpolicyconference.com\/fr\/hasan-murat-mercan\/","title":{"rendered":"Hasan Murat Mercan"},"content":{"rendered":"<p><\/p>\n<p style=\"text-align: justify;\">Vice-ministre de l&rsquo;Energie et des Ressources naturelles de la R\u00e9publique de Turquie. Il a \u00e9t\u00e9 pr\u00e9sident du comit\u00e9 des Affaires \u00e9trang\u00e8res de la Grande Assembl\u00e9e nationale turque au cours du 23<sup>e<\/sup> mandat du Parlement (2007-2011). Il a occup\u00e9 les postes de pr\u00e9sident de la d\u00e9l\u00e9gation turque aupr\u00e8s de l\u2019assembl\u00e9e parlementaire du Conseil de l\u2019Europe (APCE) et de l\u2019Assembl\u00e9e Interparlementaire pour la politique europ\u00e9enne de s\u00e9curit\u00e9 et d\u00e9fense (IESDA). Il a \u00e9galement \u00e9t\u00e9 vice-pr\u00e9sident de l\u2019Assembl\u00e9e parlementaire du Conseil de l\u2019Europe (2002-2007). Il est dipl\u00f4m\u00e9 de l\u2019Universit\u00e9 Bogazici et il a un doctorat de l\u2019Universit\u00e9 de Floride.<\/p>\n<p><\/p>","protected":false},"excerpt":{"rendered":"<p>Vice-ministre de l&rsquo;Energie et des Ressources naturelles de la R\u00e9publique de Turquie. Il a \u00e9t\u00e9 pr\u00e9sident du comit\u00e9 des Affaires \u00e9trang\u00e8res de la Grande Assembl\u00e9e nationale turque au cours du<\/p>\n","protected":false},"author":1,"featured_media":9958,"comment_status":"closed","ping_status":"open","sticky":false,"template":"","format":"standard","meta":{"footnotes":""},"categories":[8],"tags":[],"class_list":["post-1199","post","type-post","status-publish","format-standard","has-post-thumbnail","hentry","category-invited-guests"],"_links":{"self":[{"href":"https:\/\/www.worldpolicyconference.com\/fr\/wp-json\/wp\/v2\/posts\/1199","targetHints":{"allow":["GET"]}}],"collection":[{"href":"https:\/\/www.worldpolicyconference.com\/fr\/wp-json\/wp\/v2\/posts"}],"about":[{"href":"https:\/\/www.worldpolicyconference.com\/fr\/wp-json\/wp\/v2\/types\/post"}],"author":[{"embeddable":true,"href":"https:\/\/www.worldpolicyconference.com\/fr\/wp-json\/wp\/v2\/users\/1"}],"replies":[{"embeddable":true,"href":"https:\/\/www.worldpolicyconference.com\/fr\/wp-json\/wp\/v2\/comments?post=1199"}],"version-history":[{"count":0,"href":"https:\/\/www.worldpolicyconference.com\/fr\/wp-json\/wp\/v2\/posts\/1199\/revisions"}],"wp:featuredmedia":[{"embeddable":true,"href":"https:\/\/www.worldpolicyconference.com\/fr\/wp-json\/wp\/v2\/media\/9958"}],"wp:attachment":[{"href":"https:\/\/www.worldpolicyconference.com\/fr\/wp-json\/wp\/v2\/media?parent=1199"}],"wp:term":[{"taxonomy":"category","embeddable":true,"href":"https:\/\/www.worldpolicyconference.com\/fr\/wp-json\/wp\/v2\/categories?post=1199"},{"taxonomy":"post_tag","embeddable":true,"href":"https:\/\/www.worldpolicyconference.com\/fr\/wp-json\/wp\/v2\/tags?post=1199"}],"curies":[{"name":"wp","href":"https:\/\/api.w.org\/{rel}","templated":true}]}}