{"id":1203,"date":"2014-05-12T10:37:28","date_gmt":"2014-05-12T09:37:28","guid":{"rendered":"http:\/\/www.worldpolicyconference.com\/jrme-contamine\/"},"modified":"2018-06-12T10:20:32","modified_gmt":"2018-06-12T09:20:32","slug":"jrme-contamine","status":"publish","type":"post","link":"https:\/\/www.worldpolicyconference.com\/fr\/jrme-contamine\/","title":{"rendered":"J\u00e9r\u00f4me Contamine"},"content":{"rendered":"<p>Vice-pr\u00e9sident Ex\u00e9cutif, Directeur financier et membre du Comit\u00e9 Ex\u00e9cutif de Sanofi-Aventis. Ancien Vice-pr\u00e9sident ex\u00e9cutif senior, Directeur G\u00e9n\u00e9ral adjoint, et Directeur financier de Veolia Environnement. Auparavant, il a \u00e9t\u00e9 Vice-pr\u00e9sident Europe et Asie centrale, Exploration-Production de Total et Directeur Finance et Tr\u00e9sorier du groupe Elf. Il est dipl\u00f4m\u00e9 de l\u2019Ecole polytechnique (X), de l\u2019ENSAE (l\u2019Ecole Nationale de la Statistique et de l\u2019Administration Economique) et de l\u2019Ecole nationale d\u2019Administration.<\/p>","protected":false},"excerpt":{"rendered":"<p>Vice-pr\u00e9sident Ex\u00e9cutif, Directeur financier et membre du Comit\u00e9 Ex\u00e9cutif de Sanofi-Aventis. Ancien Vice-pr\u00e9sident ex\u00e9cutif senior, Directeur G\u00e9n\u00e9ral adjoint, et Directeur financier de Veolia Environnement. Auparavant, il a \u00e9t\u00e9 Vice-pr\u00e9sident Europe<\/p>\n","protected":false},"author":1,"featured_media":10624,"comment_status":"closed","ping_status":"open","sticky":false,"template":"","format":"standard","meta":{"footnotes":""},"categories":[8],"tags":[17],"class_list":["post-1203","post","type-post","status-publish","format-standard","has-post-thumbnail","hentry","category-invited-guests","tag-17"],"_links":{"self":[{"href":"https:\/\/www.worldpolicyconference.com\/fr\/wp-json\/wp\/v2\/posts\/1203","targetHints":{"allow":["GET"]}}],"collection":[{"href":"https:\/\/www.worldpolicyconference.com\/fr\/wp-json\/wp\/v2\/posts"}],"about":[{"href":"https:\/\/www.worldpolicyconference.com\/fr\/wp-json\/wp\/v2\/types\/post"}],"author":[{"embeddable":true,"href":"https:\/\/www.worldpolicyconference.com\/fr\/wp-json\/wp\/v2\/users\/1"}],"replies":[{"embeddable":true,"href":"https:\/\/www.worldpolicyconference.com\/fr\/wp-json\/wp\/v2\/comments?post=1203"}],"version-history":[{"count":0,"href":"https:\/\/www.worldpolicyconference.com\/fr\/wp-json\/wp\/v2\/posts\/1203\/revisions"}],"wp:featuredmedia":[{"embeddable":true,"href":"https:\/\/www.worldpolicyconference.com\/fr\/wp-json\/wp\/v2\/media\/10624"}],"wp:attachment":[{"href":"https:\/\/www.worldpolicyconference.com\/fr\/wp-json\/wp\/v2\/media?parent=1203"}],"wp:term":[{"taxonomy":"category","embeddable":true,"href":"https:\/\/www.worldpolicyconference.com\/fr\/wp-json\/wp\/v2\/categories?post=1203"},{"taxonomy":"post_tag","embeddable":true,"href":"https:\/\/www.worldpolicyconference.com\/fr\/wp-json\/wp\/v2\/tags?post=1203"}],"curies":[{"name":"wp","href":"https:\/\/api.w.org\/{rel}","templated":true}]}}