{"id":1207,"date":"2014-05-12T10:38:37","date_gmt":"2014-05-12T09:38:37","guid":{"rendered":"http:\/\/www.worldpolicyconference.com\/his-all-holiness-bartholomew-1st\/"},"modified":"2026-04-16T15:05:48","modified_gmt":"2026-04-16T14:05:48","slug":"his-all-holiness-bartholomew-1st","status":"publish","type":"post","link":"https:\/\/www.worldpolicyconference.com\/fr\/his-all-holiness-bartholomew-1st\/","title":{"rendered":"Sa Saintet\u00e9 le Patriarche Bartholom\u00e9e Ier"},"content":{"rendered":"<p><\/p>\n<p style=\"text-align: justify;\"><span style=\"font-weight: 400;\">Archev\u00eaque de Constantinople &#8211; Nouvelle Rome et Patriarche \u0152cum\u00e9nique depuis 1991. Son exp\u00e9rience personnelle et sa formation th\u00e9ologique lui conf\u00e8rent une perspective unique au sein des relations \u0153cum\u00e9niques et interreligieuses, ainsi que des questions environnementales. Sa Saintet\u00e9 le Patriarche Bartholom\u00e9e Ier est la cheville ouvri\u00e8re du rapprochement avec les \u00c9glises Catholique, Anglicane, etc. Ordonn\u00e9 diacre en 1961, il est devenu pr\u00eatre en 1969. Il a \u00e9t\u00e9 Doyen auxiliaire \u00e0 l\u2019\u00c9cole Th\u00e9ologique de Halki, puis secr\u00e9taire personnel de son pr\u00e9d\u00e9cesseur, le Patriarche Dimitrios 1er (mort en 1991). Il a \u00e9tudi\u00e9 \u00e0 l\u2019\u00c9cole Th\u00e9ologique de Halki, \u00e0 l\u2019Institut Pontifical des \u00c9tudes Orientales de l\u2019Universit\u00e9 Gr\u00e9gorienne de Rome, \u00e0 l\u2019Institut \u0152cum\u00e9nique de Bossey (Suisse) et \u00e0 l\u2019Universit\u00e9 de Munich.<\/span><\/p>\n<p><\/p>","protected":false},"excerpt":{"rendered":"<p>Archev\u00eaque de Constantinople &#8211; Nouvelle Rome et Patriarche \u0152cum\u00e9nique depuis 1991. Son exp\u00e9rience personnelle et sa formation th\u00e9ologique lui conf\u00e8rent une perspective unique au sein des relations \u0153cum\u00e9niques et interreligieuses,<\/p>\n","protected":false},"author":1,"featured_media":9310,"comment_status":"closed","ping_status":"open","sticky":false,"template":"","format":"standard","meta":{"footnotes":""},"categories":[8],"tags":[17,14,10,22,127,153,154,155,157],"class_list":["post-1207","post","type-post","status-publish","format-standard","has-post-thumbnail","hentry","category-invited-guests","tag-17","tag-14","tag-10","tag-22","tag-127","tag-153","tag-154","tag-155","tag-157"],"_links":{"self":[{"href":"https:\/\/www.worldpolicyconference.com\/fr\/wp-json\/wp\/v2\/posts\/1207","targetHints":{"allow":["GET"]}}],"collection":[{"href":"https:\/\/www.worldpolicyconference.com\/fr\/wp-json\/wp\/v2\/posts"}],"about":[{"href":"https:\/\/www.worldpolicyconference.com\/fr\/wp-json\/wp\/v2\/types\/post"}],"author":[{"embeddable":true,"href":"https:\/\/www.worldpolicyconference.com\/fr\/wp-json\/wp\/v2\/users\/1"}],"replies":[{"embeddable":true,"href":"https:\/\/www.worldpolicyconference.com\/fr\/wp-json\/wp\/v2\/comments?post=1207"}],"version-history":[{"count":0,"href":"https:\/\/www.worldpolicyconference.com\/fr\/wp-json\/wp\/v2\/posts\/1207\/revisions"}],"wp:featuredmedia":[{"embeddable":true,"href":"https:\/\/www.worldpolicyconference.com\/fr\/wp-json\/wp\/v2\/media\/9310"}],"wp:attachment":[{"href":"https:\/\/www.worldpolicyconference.com\/fr\/wp-json\/wp\/v2\/media?parent=1207"}],"wp:term":[{"taxonomy":"category","embeddable":true,"href":"https:\/\/www.worldpolicyconference.com\/fr\/wp-json\/wp\/v2\/categories?post=1207"},{"taxonomy":"post_tag","embeddable":true,"href":"https:\/\/www.worldpolicyconference.com\/fr\/wp-json\/wp\/v2\/tags?post=1207"}],"curies":[{"name":"wp","href":"https:\/\/api.w.org\/{rel}","templated":true}]}}