{"id":1211,"date":"2014-05-12T10:39:52","date_gmt":"2014-05-12T09:39:52","guid":{"rendered":"http:\/\/www.worldpolicyconference.com\/robert-badinter\/"},"modified":"2020-06-26T12:07:32","modified_gmt":"2020-06-26T11:07:32","slug":"robert-badinter","status":"publish","type":"post","link":"https:\/\/www.worldpolicyconference.com\/fr\/robert-badinter\/","title":{"rendered":"Robert Badinter"},"content":{"rendered":"<p><\/p>\n<p style=\"text-align: justify;\">Ancien ministre de la Justice, Garde des Sceaux. Il a rejoint l\u2019ordre des Avocats \u00e0 la Cour d\u2019appel de Paris en 1951 et exerc\u00e9 jusqu\u2019en 1981. Il a plaid\u00e9 comme avocat de nombreuses affaires o\u00f9 l&rsquo;accus\u00e9 encourait la peine de mort. Agr\u00e9g\u00e9 des facult\u00e9s de droit en 1966, il a notamment enseign\u00e9 \u00e0 l&rsquo;Universit\u00e9 Paris I Panth\u00e9on Sorbonne. Ministre de la Justice, Garde des Sceaux de 1981 \u00e0 1986, il a fait voter la loi d&rsquo;abolition de la peine de mort. Il a \u00e9t\u00e9 Pr\u00e9sident du Conseil constitutionnel de 1986 \u00e0 1995. Il a \u00e9t\u00e9 le principal inspirateur et promoteur de la Convention de Stockholm cr\u00e9ant la Cour de conciliation et d\u2019arbitrage de l\u2019O.S.C.E, qu\u2019il pr\u00e9sida jusqu\u2019en septembre 2013. En 1995, il a \u00e9t\u00e9 \u00e9lu s\u00e9nateur et r\u00e9\u00e9lu en 2004. En 2003, il a \u00e9t\u00e9 d\u00e9sign\u00e9 par le Secr\u00e9taire g\u00e9n\u00e9ral des Nations Unies, Kofi Annan, pour si\u00e9ger dans le Comit\u00e9 charg\u00e9 de proposer une r\u00e9forme de l&rsquo;ONU sous le titre \u00ab\u00a0Un Monde plus s\u00fbr, notre affaire \u00e0 tous\u00a0\u00bb, remis en 2005. Il est l\u2019auteur de nombreux ouvrages litt\u00e9raires et d\u2019un livret d\u2019op\u00e9ra. Il est membre de la Commission internationale contre la peine de mort.<\/p>\n<p><\/p>","protected":false},"excerpt":{"rendered":"<p>Ancien ministre de la Justice, Garde des Sceaux. Il a rejoint l\u2019ordre des Avocats \u00e0 la Cour d\u2019appel de Paris en 1951 et exerc\u00e9 jusqu\u2019en 1981. Il a plaid\u00e9 comme<\/p>\n","protected":false},"author":1,"featured_media":10622,"comment_status":"closed","ping_status":"open","sticky":false,"template":"","format":"standard","meta":{"footnotes":""},"categories":[8],"tags":[17,14],"class_list":["post-1211","post","type-post","status-publish","format-standard","has-post-thumbnail","hentry","category-invited-guests","tag-17","tag-14"],"_links":{"self":[{"href":"https:\/\/www.worldpolicyconference.com\/fr\/wp-json\/wp\/v2\/posts\/1211","targetHints":{"allow":["GET"]}}],"collection":[{"href":"https:\/\/www.worldpolicyconference.com\/fr\/wp-json\/wp\/v2\/posts"}],"about":[{"href":"https:\/\/www.worldpolicyconference.com\/fr\/wp-json\/wp\/v2\/types\/post"}],"author":[{"embeddable":true,"href":"https:\/\/www.worldpolicyconference.com\/fr\/wp-json\/wp\/v2\/users\/1"}],"replies":[{"embeddable":true,"href":"https:\/\/www.worldpolicyconference.com\/fr\/wp-json\/wp\/v2\/comments?post=1211"}],"version-history":[{"count":0,"href":"https:\/\/www.worldpolicyconference.com\/fr\/wp-json\/wp\/v2\/posts\/1211\/revisions"}],"wp:featuredmedia":[{"embeddable":true,"href":"https:\/\/www.worldpolicyconference.com\/fr\/wp-json\/wp\/v2\/media\/10622"}],"wp:attachment":[{"href":"https:\/\/www.worldpolicyconference.com\/fr\/wp-json\/wp\/v2\/media?parent=1211"}],"wp:term":[{"taxonomy":"category","embeddable":true,"href":"https:\/\/www.worldpolicyconference.com\/fr\/wp-json\/wp\/v2\/categories?post=1211"},{"taxonomy":"post_tag","embeddable":true,"href":"https:\/\/www.worldpolicyconference.com\/fr\/wp-json\/wp\/v2\/tags?post=1211"}],"curies":[{"name":"wp","href":"https:\/\/api.w.org\/{rel}","templated":true}]}}