{"id":1217,"date":"2014-05-12T10:41:24","date_gmt":"2014-05-12T09:41:24","guid":{"rendered":"http:\/\/www.worldpolicyconference.com\/yukiya-amano\/"},"modified":"2018-05-03T14:06:08","modified_gmt":"2018-05-03T13:06:08","slug":"yukiya-amano","status":"publish","type":"post","link":"https:\/\/www.worldpolicyconference.com\/fr\/yukiya-amano\/","title":{"rendered":"Yukiya Amano"},"content":{"rendered":"<p><\/p>\n<p>Directeur G\u00e9n\u00e9ral de l\u2019Agence internationale de l\u2019Energie atomique (AIEA), il \u00e9tait pr\u00e9c\u00e9demment Repr\u00e9sentant permanent et Ambassadeur extraordinaire et pl\u00e9nipotentiaire du Japon aupr\u00e8s d\u2019organismes internationaux \u00e0 Vienne (2005-2009). Il a pr\u00e9sid\u00e9 le comit\u00e9 pr\u00e9paratoire 2007 pour la conf\u00e9rence de 2010 sur la r\u00e9vision du Trait\u00e9 de non-prolif\u00e9ration des armes nucl\u00e9aires. Avant cela, il a \u00e9t\u00e9 nomm\u00e9 Directeur G\u00e9n\u00e9ral du D\u00e9partement du d\u00e9sarmement, de la non-prolif\u00e9ration et des sciences au minist\u00e8re des Affaires \u00e9trang\u00e8res (jusqu\u2019en 2005) apr\u00e8s avoir \u00e9t\u00e9 expert gouvernemental pour le groupe d\u2019experts des Nations unies sur l\u2019Education en mati\u00e8re de d\u00e9sarmement et de non-prolif\u00e9ration (2001). Il est dipl\u00f4m\u00e9 de la Facult\u00e9 de droit de l\u2019universit\u00e9 de Tokyo.<\/p>\n<p><\/p>","protected":false},"excerpt":{"rendered":"<p>Directeur G\u00e9n\u00e9ral de l\u2019Agence internationale de l\u2019Energie atomique (AIEA), il \u00e9tait pr\u00e9c\u00e9demment Repr\u00e9sentant permanent et Ambassadeur extraordinaire et pl\u00e9nipotentiaire du Japon aupr\u00e8s d\u2019organismes internationaux \u00e0 Vienne (2005-2009). Il a pr\u00e9sid\u00e9<\/p>\n","protected":false},"author":1,"featured_media":9216,"comment_status":"closed","ping_status":"open","sticky":false,"template":"","format":"standard","meta":{"footnotes":""},"categories":[8],"tags":[17],"class_list":["post-1217","post","type-post","status-publish","format-standard","has-post-thumbnail","hentry","category-invited-guests","tag-17"],"_links":{"self":[{"href":"https:\/\/www.worldpolicyconference.com\/fr\/wp-json\/wp\/v2\/posts\/1217","targetHints":{"allow":["GET"]}}],"collection":[{"href":"https:\/\/www.worldpolicyconference.com\/fr\/wp-json\/wp\/v2\/posts"}],"about":[{"href":"https:\/\/www.worldpolicyconference.com\/fr\/wp-json\/wp\/v2\/types\/post"}],"author":[{"embeddable":true,"href":"https:\/\/www.worldpolicyconference.com\/fr\/wp-json\/wp\/v2\/users\/1"}],"replies":[{"embeddable":true,"href":"https:\/\/www.worldpolicyconference.com\/fr\/wp-json\/wp\/v2\/comments?post=1217"}],"version-history":[{"count":0,"href":"https:\/\/www.worldpolicyconference.com\/fr\/wp-json\/wp\/v2\/posts\/1217\/revisions"}],"wp:featuredmedia":[{"embeddable":true,"href":"https:\/\/www.worldpolicyconference.com\/fr\/wp-json\/wp\/v2\/media\/9216"}],"wp:attachment":[{"href":"https:\/\/www.worldpolicyconference.com\/fr\/wp-json\/wp\/v2\/media?parent=1217"}],"wp:term":[{"taxonomy":"category","embeddable":true,"href":"https:\/\/www.worldpolicyconference.com\/fr\/wp-json\/wp\/v2\/categories?post=1217"},{"taxonomy":"post_tag","embeddable":true,"href":"https:\/\/www.worldpolicyconference.com\/fr\/wp-json\/wp\/v2\/tags?post=1217"}],"curies":[{"name":"wp","href":"https:\/\/api.w.org\/{rel}","templated":true}]}}