{"id":1229,"date":"2014-05-12T10:44:17","date_gmt":"2014-05-12T09:44:17","guid":{"rendered":"http:\/\/www.worldpolicyconference.com\/peter-praet\/"},"modified":"2018-06-12T11:57:41","modified_gmt":"2018-06-12T10:57:41","slug":"peter-praet","status":"publish","type":"post","link":"https:\/\/www.worldpolicyconference.com\/fr\/peter-praet\/","title":{"rendered":"Peter Praet"},"content":{"rendered":"<p>Membre du directoire de la BCE depuis juin 2011. Il a commenc\u00e9 sa carri\u00e8re en tant que chercheur au D\u00e9partement d\u2019\u00e9conomie appliqu\u00e9e et \u00e0 l\u2019Institut d\u2019\u00e9tudes europ\u00e9ennes \u00e0 l\u2019Universit\u00e9 de Bruxelles (ULB). Il a \u00e9t\u00e9 \u00e9conomiste au Fonds mon\u00e9taire international, Washington D.C. (1978-1980), Professeur d\u2019\u00e9conomie \u00e0 l\u2019Universit\u00e9 libre de Bruxelles (1980-1987), \u00e9conomiste en chef \u00e0 la G\u00e9n\u00e9rale de Banque, puis \u00e0 Fortis Banque (1987-1999), Chef de cabinet du ministre belge des Finances (1999-2000), Directeur \u00e0 la Banque nationale de Belgique (2000-2011). Il a un doctorat en sciences \u00e9conomiques de l\u2019Universit\u00e9 de Bruxelles (1980).<\/p>","protected":false},"excerpt":{"rendered":"<p>Membre du directoire de la BCE depuis juin 2011. Il a commenc\u00e9 sa carri\u00e8re en tant que chercheur au D\u00e9partement d\u2019\u00e9conomie appliqu\u00e9e et \u00e0 l\u2019Institut d\u2019\u00e9tudes europ\u00e9ennes \u00e0 l\u2019Universit\u00e9 de<\/p>\n","protected":false},"author":1,"featured_media":10553,"comment_status":"closed","ping_status":"open","sticky":false,"template":"","format":"standard","meta":{"footnotes":""},"categories":[8],"tags":[17],"class_list":["post-1229","post","type-post","status-publish","format-standard","has-post-thumbnail","hentry","category-invited-guests","tag-17"],"_links":{"self":[{"href":"https:\/\/www.worldpolicyconference.com\/fr\/wp-json\/wp\/v2\/posts\/1229","targetHints":{"allow":["GET"]}}],"collection":[{"href":"https:\/\/www.worldpolicyconference.com\/fr\/wp-json\/wp\/v2\/posts"}],"about":[{"href":"https:\/\/www.worldpolicyconference.com\/fr\/wp-json\/wp\/v2\/types\/post"}],"author":[{"embeddable":true,"href":"https:\/\/www.worldpolicyconference.com\/fr\/wp-json\/wp\/v2\/users\/1"}],"replies":[{"embeddable":true,"href":"https:\/\/www.worldpolicyconference.com\/fr\/wp-json\/wp\/v2\/comments?post=1229"}],"version-history":[{"count":0,"href":"https:\/\/www.worldpolicyconference.com\/fr\/wp-json\/wp\/v2\/posts\/1229\/revisions"}],"wp:featuredmedia":[{"embeddable":true,"href":"https:\/\/www.worldpolicyconference.com\/fr\/wp-json\/wp\/v2\/media\/10553"}],"wp:attachment":[{"href":"https:\/\/www.worldpolicyconference.com\/fr\/wp-json\/wp\/v2\/media?parent=1229"}],"wp:term":[{"taxonomy":"category","embeddable":true,"href":"https:\/\/www.worldpolicyconference.com\/fr\/wp-json\/wp\/v2\/categories?post=1229"},{"taxonomy":"post_tag","embeddable":true,"href":"https:\/\/www.worldpolicyconference.com\/fr\/wp-json\/wp\/v2\/tags?post=1229"}],"curies":[{"name":"wp","href":"https:\/\/api.w.org\/{rel}","templated":true}]}}