{"id":1237,"date":"2014-05-12T10:46:17","date_gmt":"2014-05-12T09:46:17","guid":{"rendered":"http:\/\/www.worldpolicyconference.com\/alassane-ouattara\/"},"modified":"2020-06-22T16:32:43","modified_gmt":"2020-06-22T15:32:43","slug":"alassane-ouattara","status":"publish","type":"post","link":"https:\/\/www.worldpolicyconference.com\/fr\/alassane-ouattara\/","title":{"rendered":"Alassane Ouattara"},"content":{"rendered":"<p><\/p>\n<p style=\"text-align: justify;\">Pr\u00e9sident de la R\u00e9publique de C\u00f4te d\u2019Ivoire. Il a d\u00e9but\u00e9 comme \u00e9conomiste au Fonds Mon\u00e9taire International (FMI), en 1968. Il a int\u00e9gr\u00e9 la Banque Centrale des Etats de l\u2019Afrique de l\u2019Ouest (BCEAO) en 1973. En 1984, il est nomm\u00e9 Directeur Afrique au FMI. En 1988, il prend la t\u00eate de la BCEAO. En 1990, le Pr\u00e9sident F\u00e9lix Houphou\u00ebt-Boigny l\u2019appelle en qualit\u00e9 de Pr\u00e9sident du Comit\u00e9 Interminist\u00e9riel de Coordination du Programme de Stabilisation et de Relance Economique, puis de Premier ministre. En 1993, il retourne au FMI o\u00f9 il est nomm\u00e9 Directeur g\u00e9n\u00e9ral adjoint. En 1999, il met fin \u00e0 son engagement aupr\u00e8s du FMI et rentre en C\u00f4te d&rsquo;Ivoire. Il est \u00e9lu Pr\u00e9sident du Rassemblement des R\u00e9publicains (RDR). Il est dipl\u00f4m\u00e9 de l\u2019Institut de Technologie de Drexel et de l\u2019Universit\u00e9 de Pennsylvanie.<\/p>\n<p><\/p>","protected":false},"excerpt":{"rendered":"<p>Pr\u00e9sident de la R\u00e9publique de C\u00f4te d\u2019Ivoire. Il a d\u00e9but\u00e9 comme \u00e9conomiste au Fonds Mon\u00e9taire International (FMI), en 1968. Il a int\u00e9gr\u00e9 la Banque Centrale des Etats de l\u2019Afrique de<\/p>\n","protected":false},"author":1,"featured_media":9726,"comment_status":"closed","ping_status":"open","sticky":false,"template":"","format":"standard","meta":{"footnotes":""},"categories":[8],"tags":[14],"class_list":["post-1237","post","type-post","status-publish","format-standard","has-post-thumbnail","hentry","category-invited-guests","tag-14"],"_links":{"self":[{"href":"https:\/\/www.worldpolicyconference.com\/fr\/wp-json\/wp\/v2\/posts\/1237","targetHints":{"allow":["GET"]}}],"collection":[{"href":"https:\/\/www.worldpolicyconference.com\/fr\/wp-json\/wp\/v2\/posts"}],"about":[{"href":"https:\/\/www.worldpolicyconference.com\/fr\/wp-json\/wp\/v2\/types\/post"}],"author":[{"embeddable":true,"href":"https:\/\/www.worldpolicyconference.com\/fr\/wp-json\/wp\/v2\/users\/1"}],"replies":[{"embeddable":true,"href":"https:\/\/www.worldpolicyconference.com\/fr\/wp-json\/wp\/v2\/comments?post=1237"}],"version-history":[{"count":0,"href":"https:\/\/www.worldpolicyconference.com\/fr\/wp-json\/wp\/v2\/posts\/1237\/revisions"}],"wp:featuredmedia":[{"embeddable":true,"href":"https:\/\/www.worldpolicyconference.com\/fr\/wp-json\/wp\/v2\/media\/9726"}],"wp:attachment":[{"href":"https:\/\/www.worldpolicyconference.com\/fr\/wp-json\/wp\/v2\/media?parent=1237"}],"wp:term":[{"taxonomy":"category","embeddable":true,"href":"https:\/\/www.worldpolicyconference.com\/fr\/wp-json\/wp\/v2\/categories?post=1237"},{"taxonomy":"post_tag","embeddable":true,"href":"https:\/\/www.worldpolicyconference.com\/fr\/wp-json\/wp\/v2\/tags?post=1237"}],"curies":[{"name":"wp","href":"https:\/\/api.w.org\/{rel}","templated":true}]}}