{"id":1249,"date":"2014-05-12T10:49:36","date_gmt":"2014-05-12T09:49:36","guid":{"rendered":"http:\/\/www.worldpolicyconference.com\/marek-belka\/"},"modified":"2018-06-12T15:21:14","modified_gmt":"2018-06-12T14:21:14","slug":"marek-belka","status":"publish","type":"post","link":"https:\/\/www.worldpolicyconference.com\/fr\/marek-belka\/","title":{"rendered":"Marek Belka"},"content":{"rendered":"<p><\/p>\n<p style=\"text-align: justify;\">Pr\u00e9sident de la Banque nationale de Pologne et professeur d\u2019\u00e9conomie. Il s\u2019est sp\u00e9cialis\u00e9 en \u00e9conomie appliqu\u00e9e et pens\u00e9e \u00e9conomique contemporaine. Il a notamment \u00e9t\u00e9 \u00a0vice-Premier ministre, ministre des Finances \u00e0 deux reprises\u00a0 et Premier ministre de la Pologne. \u00a0Auparavant, il a \u00e9t\u00e9 pr\u00e9sident du Conseil pour la coordination internationale en Irak, \u00a0directeur de la politique \u00e9conomique de l&rsquo;Autorit\u00e9 provisoire de la coalition en Irak et secr\u00e9taire ex\u00e9cutif de la Commission \u00e9conomique pour l\u2019Europe des Nations Unies. Avant d\u2019\u00eatre nomm\u00e9 pr\u00e9sident de la Banque nationale de Pologne en juin 2010, il a pr\u00e9sid\u00e9 le Comit\u00e9 du d\u00e9veloppement de la Banque mondiale et du FMI.<\/p>\n<p><\/p>","protected":false},"excerpt":{"rendered":"<p>Pr\u00e9sident de la Banque nationale de Pologne et professeur d\u2019\u00e9conomie. Il s\u2019est sp\u00e9cialis\u00e9 en \u00e9conomie appliqu\u00e9e et pens\u00e9e \u00e9conomique contemporaine. Il a notamment \u00e9t\u00e9 \u00a0vice-Premier ministre, ministre des Finances \u00e0<\/p>\n","protected":false},"author":1,"featured_media":9323,"comment_status":"closed","ping_status":"open","sticky":false,"template":"","format":"standard","meta":{"footnotes":""},"categories":[8],"tags":[14,10,19,20],"class_list":["post-1249","post","type-post","status-publish","format-standard","has-post-thumbnail","hentry","category-invited-guests","tag-14","tag-10","tag-19","tag-20"],"_links":{"self":[{"href":"https:\/\/www.worldpolicyconference.com\/fr\/wp-json\/wp\/v2\/posts\/1249","targetHints":{"allow":["GET"]}}],"collection":[{"href":"https:\/\/www.worldpolicyconference.com\/fr\/wp-json\/wp\/v2\/posts"}],"about":[{"href":"https:\/\/www.worldpolicyconference.com\/fr\/wp-json\/wp\/v2\/types\/post"}],"author":[{"embeddable":true,"href":"https:\/\/www.worldpolicyconference.com\/fr\/wp-json\/wp\/v2\/users\/1"}],"replies":[{"embeddable":true,"href":"https:\/\/www.worldpolicyconference.com\/fr\/wp-json\/wp\/v2\/comments?post=1249"}],"version-history":[{"count":0,"href":"https:\/\/www.worldpolicyconference.com\/fr\/wp-json\/wp\/v2\/posts\/1249\/revisions"}],"wp:featuredmedia":[{"embeddable":true,"href":"https:\/\/www.worldpolicyconference.com\/fr\/wp-json\/wp\/v2\/media\/9323"}],"wp:attachment":[{"href":"https:\/\/www.worldpolicyconference.com\/fr\/wp-json\/wp\/v2\/media?parent=1249"}],"wp:term":[{"taxonomy":"category","embeddable":true,"href":"https:\/\/www.worldpolicyconference.com\/fr\/wp-json\/wp\/v2\/categories?post=1249"},{"taxonomy":"post_tag","embeddable":true,"href":"https:\/\/www.worldpolicyconference.com\/fr\/wp-json\/wp\/v2\/tags?post=1249"}],"curies":[{"name":"wp","href":"https:\/\/api.w.org\/{rel}","templated":true}]}}