{"id":1251,"date":"2014-05-12T10:50:00","date_gmt":"2014-05-12T09:50:00","guid":{"rendered":"http:\/\/www.worldpolicyconference.com\/jan-krzysztof-bielecki\/"},"modified":"2018-06-12T15:23:07","modified_gmt":"2018-06-12T14:23:07","slug":"jan-krzysztof-bielecki","status":"publish","type":"post","link":"https:\/\/www.worldpolicyconference.com\/fr\/jan-krzysztof-bielecki\/","title":{"rendered":"Jan Krzysztof Bielecki"},"content":{"rendered":"<p><\/p>\n<p style=\"text-align: justify;\">Pr\u00e9sident du Conseil \u00e9conomique aupr\u00e8s du Premier ministre polonais depuis 2010. Ancien Premier ministre polonais. Il a \u00e9galement \u00e9t\u00e9 ministre pour l\u2019Int\u00e9gration europ\u00e9enne durant le gouvernement de Hanna Suchocka. Il a repr\u00e9sent\u00e9 la Pologne aupr\u00e8s de la Banque europ\u00e9enne pour la reconstruction et le d\u00e9veloppement (1993-2003). Il a \u00e9t\u00e9 PDG et Pr\u00e9sident du conseil d\u2019administration de Bank Pekao SA (2003-2010). Il a \u00e9t\u00e9 membre du Sejm (1989-1993). Il est dipl\u00f4m\u00e9 de l\u2019universit\u00e9 de Gdansk.<\/p>\n<p><\/p>","protected":false},"excerpt":{"rendered":"<p>Pr\u00e9sident du Conseil \u00e9conomique aupr\u00e8s du Premier ministre polonais depuis 2010. Ancien Premier ministre polonais. Il a \u00e9galement \u00e9t\u00e9 ministre pour l\u2019Int\u00e9gration europ\u00e9enne durant le gouvernement de Hanna Suchocka. Il<\/p>\n","protected":false},"author":1,"featured_media":9344,"comment_status":"closed","ping_status":"open","sticky":false,"template":"","format":"standard","meta":{"footnotes":""},"categories":[8],"tags":[14],"class_list":["post-1251","post","type-post","status-publish","format-standard","has-post-thumbnail","hentry","category-invited-guests","tag-14"],"_links":{"self":[{"href":"https:\/\/www.worldpolicyconference.com\/fr\/wp-json\/wp\/v2\/posts\/1251","targetHints":{"allow":["GET"]}}],"collection":[{"href":"https:\/\/www.worldpolicyconference.com\/fr\/wp-json\/wp\/v2\/posts"}],"about":[{"href":"https:\/\/www.worldpolicyconference.com\/fr\/wp-json\/wp\/v2\/types\/post"}],"author":[{"embeddable":true,"href":"https:\/\/www.worldpolicyconference.com\/fr\/wp-json\/wp\/v2\/users\/1"}],"replies":[{"embeddable":true,"href":"https:\/\/www.worldpolicyconference.com\/fr\/wp-json\/wp\/v2\/comments?post=1251"}],"version-history":[{"count":0,"href":"https:\/\/www.worldpolicyconference.com\/fr\/wp-json\/wp\/v2\/posts\/1251\/revisions"}],"wp:featuredmedia":[{"embeddable":true,"href":"https:\/\/www.worldpolicyconference.com\/fr\/wp-json\/wp\/v2\/media\/9344"}],"wp:attachment":[{"href":"https:\/\/www.worldpolicyconference.com\/fr\/wp-json\/wp\/v2\/media?parent=1251"}],"wp:term":[{"taxonomy":"category","embeddable":true,"href":"https:\/\/www.worldpolicyconference.com\/fr\/wp-json\/wp\/v2\/categories?post=1251"},{"taxonomy":"post_tag","embeddable":true,"href":"https:\/\/www.worldpolicyconference.com\/fr\/wp-json\/wp\/v2\/tags?post=1251"}],"curies":[{"name":"wp","href":"https:\/\/api.w.org\/{rel}","templated":true}]}}