{"id":1262,"date":"2014-05-12T10:52:40","date_gmt":"2014-05-12T09:52:40","guid":{"rendered":"http:\/\/www.worldpolicyconference.com\/raed-charafeddine\/"},"modified":"2026-04-22T18:41:40","modified_gmt":"2026-04-22T17:41:40","slug":"raed-charafeddine","status":"publish","type":"post","link":"https:\/\/www.worldpolicyconference.com\/fr\/raed-charafeddine\/","title":{"rendered":"Raed Charafeddine"},"content":{"rendered":"<p><\/p>\n<p style=\"text-align: justify;\"><span style=\"font-weight: 400;\"><span style=\"font-size: 1rem;\">Pr\u00e9sident ex\u00e9cutif du conseil d&rsquo;administration d&rsquo;Al Makeen Advisory, soci\u00e9t\u00e9 de conseil strat\u00e9gique sp\u00e9cialis\u00e9e dans les politiques mon\u00e9taires, les institutions financi\u00e8res, l&rsquo;\u00e9conomie num\u00e9rique, les politiques industrielles et la s\u00e9curit\u00e9 alimentaire nationale. Banquier central et commercial de haut niveau, M. Charafeddine a \u00e9t\u00e9 premier vice-gouverneur de la Banque centrale du Liban et dispose<\/span><span style=\"font-weight: 400;\">\u00a0d&rsquo;une expertise approfondie des secteurs public et priv\u00e9 au Moyen-Orient et en Afrique (MEA). Il est \u00e9galement strat\u00e8ge international dans les domaines de la banque centrale, de la r\u00e9glementation et de la supervision, et des march\u00e9s financiers, avec une exp\u00e9rience op\u00e9rationnelle directe dans la banque commerciale. Il est membre du conseil d&rsquo;administration d&rsquo;organisations mon\u00e9taires et financi\u00e8res internationales et r\u00e9gionales. En tant que r\u00e9formateur social et \u00e9conomique, il est sp\u00e9cialis\u00e9 dans l&rsquo;inclusion \u00e9conomique, la r\u00e9duction de la pauvret\u00e9 et l&rsquo;autonomisation des femmes et des communaut\u00e9s. Il est \u00e9galement auteur et conf\u00e9rencier sur la strat\u00e9gie, le leadership, la politique mon\u00e9taire, la finance, l&rsquo;\u00e9conomie et le d\u00e9veloppement organisationnel et personnel.\u00a0\u00a0Sa contribution intellectuelle est consultable sur son <a href=\"https:\/\/raedcharafeddine.net\/\">site internet<\/a>.<\/span><\/span><\/p>\n<p><\/p>","protected":false},"excerpt":{"rendered":"<p>Pr\u00e9sident ex\u00e9cutif du conseil d&rsquo;administration d&rsquo;Al Makeen Advisory, soci\u00e9t\u00e9 de conseil strat\u00e9gique sp\u00e9cialis\u00e9e dans les politiques mon\u00e9taires, les institutions financi\u00e8res, l&rsquo;\u00e9conomie num\u00e9rique, les politiques industrielles et la s\u00e9curit\u00e9 alimentaire nationale.<\/p>\n","protected":false},"author":1,"featured_media":14517,"comment_status":"closed","ping_status":"open","sticky":false,"template":"","format":"standard","meta":{"footnotes":""},"categories":[8],"tags":[14,21,22,127,153,154,155,157],"class_list":["post-1262","post","type-post","status-publish","format-standard","has-post-thumbnail","hentry","category-invited-guests","tag-14","tag-21","tag-22","tag-127","tag-153","tag-154","tag-155","tag-157"],"_links":{"self":[{"href":"https:\/\/www.worldpolicyconference.com\/fr\/wp-json\/wp\/v2\/posts\/1262","targetHints":{"allow":["GET"]}}],"collection":[{"href":"https:\/\/www.worldpolicyconference.com\/fr\/wp-json\/wp\/v2\/posts"}],"about":[{"href":"https:\/\/www.worldpolicyconference.com\/fr\/wp-json\/wp\/v2\/types\/post"}],"author":[{"embeddable":true,"href":"https:\/\/www.worldpolicyconference.com\/fr\/wp-json\/wp\/v2\/users\/1"}],"replies":[{"embeddable":true,"href":"https:\/\/www.worldpolicyconference.com\/fr\/wp-json\/wp\/v2\/comments?post=1262"}],"version-history":[{"count":0,"href":"https:\/\/www.worldpolicyconference.com\/fr\/wp-json\/wp\/v2\/posts\/1262\/revisions"}],"wp:featuredmedia":[{"embeddable":true,"href":"https:\/\/www.worldpolicyconference.com\/fr\/wp-json\/wp\/v2\/media\/14517"}],"wp:attachment":[{"href":"https:\/\/www.worldpolicyconference.com\/fr\/wp-json\/wp\/v2\/media?parent=1262"}],"wp:term":[{"taxonomy":"category","embeddable":true,"href":"https:\/\/www.worldpolicyconference.com\/fr\/wp-json\/wp\/v2\/categories?post=1262"},{"taxonomy":"post_tag","embeddable":true,"href":"https:\/\/www.worldpolicyconference.com\/fr\/wp-json\/wp\/v2\/tags?post=1262"}],"curies":[{"name":"wp","href":"https:\/\/api.w.org\/{rel}","templated":true}]}}