{"id":1266,"date":"2014-05-12T10:53:37","date_gmt":"2014-05-12T09:53:37","guid":{"rendered":"http:\/\/www.worldpolicyconference.com\/benot-coeur\/"},"modified":"2022-01-19T16:37:29","modified_gmt":"2022-01-19T15:37:29","slug":"benoit-coeure","status":"publish","type":"post","link":"https:\/\/www.worldpolicyconference.com\/fr\/benoit-coeure\/","title":{"rendered":"Beno\u00eet C\u0153ur\u00e9"},"content":{"rendered":"<p><\/p>\n<p style=\"text-align: justify;\"><span style=\"font-weight: 400;\">Chef du p\u00f4le d\u2019innovation et membre du comit\u00e9 de direction de la Banque des r\u00e8glements internationaux (BRI). Avant de rejoindre la BRI, il a \u00e9t\u00e9 membre du directoire de la Banque centrale europ\u00e9enne (BCE), membre du Comit\u00e9 \u00e9conomique et financier de l\u2019Union europ\u00e9enne ainsi que du Conseil de stabilit\u00e9 financi\u00e8re, et il a pr\u00e9sid\u00e9 le Comit\u00e9 sur les paiements et les infrastructures de march\u00e9 (CPIM) de la Banque des r\u00e8glements internationaux. Avant de rejoindre la BCE, il a assum\u00e9 diverses fonctions au sein du minist\u00e8re des finances fran\u00e7ais. Il a \u00e9t\u00e9 directeur g\u00e9n\u00e9ral adjoint puis directeur g\u00e9n\u00e9ral de l\u2019Agence France Tr\u00e9sor, chef du service des Affaires multilat\u00e9rales et du d\u00e9veloppement, co-pr\u00e9sident du Club de Paris, directeur g\u00e9n\u00e9ral adjoint et \u00e9conomiste en chef \u00e0 la Direction g\u00e9n\u00e9rale du Tr\u00e9sor. Dipl\u00f4m\u00e9 de l\u2019\u00c9cole polytechnique et de l\u2019\u00c9cole nationale de la statistique et de l\u2019administration \u00e9conomique (ENSAE), il d\u00e9tient un dipl\u00f4me d\u2019\u00e9tudes approfondies d\u2019analyse et politique \u00e9conomique et une licence de japonais. Il a \u00e9t\u00e9 professeur associ\u00e9 \u00e0 l\u2019\u00c9cole polytechnique et \u00e0 Sciences Po Paris. <\/span><\/p>\n<p><\/p>","protected":false},"excerpt":{"rendered":"<p>Chef du p\u00f4le d\u2019innovation et membre du comit\u00e9 de direction de la Banque des r\u00e8glements internationaux (BRI). Avant de rejoindre la BRI, il a \u00e9t\u00e9 membre du directoire de la<\/p>\n","protected":false},"author":1,"featured_media":14414,"comment_status":"closed","ping_status":"open","sticky":false,"template":"","format":"standard","meta":{"footnotes":""},"categories":[8],"tags":[14,10,127],"class_list":["post-1266","post","type-post","status-publish","format-standard","has-post-thumbnail","hentry","category-invited-guests","tag-14","tag-10","tag-127"],"_links":{"self":[{"href":"https:\/\/www.worldpolicyconference.com\/fr\/wp-json\/wp\/v2\/posts\/1266","targetHints":{"allow":["GET"]}}],"collection":[{"href":"https:\/\/www.worldpolicyconference.com\/fr\/wp-json\/wp\/v2\/posts"}],"about":[{"href":"https:\/\/www.worldpolicyconference.com\/fr\/wp-json\/wp\/v2\/types\/post"}],"author":[{"embeddable":true,"href":"https:\/\/www.worldpolicyconference.com\/fr\/wp-json\/wp\/v2\/users\/1"}],"replies":[{"embeddable":true,"href":"https:\/\/www.worldpolicyconference.com\/fr\/wp-json\/wp\/v2\/comments?post=1266"}],"version-history":[{"count":0,"href":"https:\/\/www.worldpolicyconference.com\/fr\/wp-json\/wp\/v2\/posts\/1266\/revisions"}],"wp:featuredmedia":[{"embeddable":true,"href":"https:\/\/www.worldpolicyconference.com\/fr\/wp-json\/wp\/v2\/media\/14414"}],"wp:attachment":[{"href":"https:\/\/www.worldpolicyconference.com\/fr\/wp-json\/wp\/v2\/media?parent=1266"}],"wp:term":[{"taxonomy":"category","embeddable":true,"href":"https:\/\/www.worldpolicyconference.com\/fr\/wp-json\/wp\/v2\/categories?post=1266"},{"taxonomy":"post_tag","embeddable":true,"href":"https:\/\/www.worldpolicyconference.com\/fr\/wp-json\/wp\/v2\/tags?post=1266"}],"curies":[{"name":"wp","href":"https:\/\/api.w.org\/{rel}","templated":true}]}}