{"id":1270,"date":"2014-05-12T10:54:52","date_gmt":"2014-05-12T09:54:52","guid":{"rendered":"http:\/\/www.worldpolicyconference.com\/jean-franois-coustillire\/"},"modified":"2018-05-03T16:47:51","modified_gmt":"2018-05-03T15:47:51","slug":"jean-franois-coustillire","status":"publish","type":"post","link":"https:\/\/www.worldpolicyconference.com\/fr\/jean-franois-coustillire\/","title":{"rendered":"Jean-Fran&ccedil;ois Coustilli&egrave;re"},"content":{"rendered":"<p><\/p>\n<p style=\"text-align: justify;\">Contre-amiral (2S). Fondateur du cabinet JFC Conseil, d\u00e9di\u00e9 aux questions m\u00e9diterran\u00e9ennes.\u00a0Directeur\u00a0de l\u2019association Euromed-IHEDN,\u00a0qu\u2019il a cr\u00e9\u00e9e\u00a0en 2004\u00a0et\u00a0dont la vocation est de contribuer \u00e0 la r\u00e9flexion sur les questions euro-m\u00e9diterran\u00e9ennes. Il est \u00e9galement membre du comit\u00e9 scientifique de la revue\u00a0<em>Confluences M\u00e9diterran\u00e9e<\/em>,\u00a0du conseil d\u2019administration de l\u2019IREMMO\u00a0et expert-conf\u00e9rencier pour l\u2019Association pour le Progr\u00e8s du Management (APM). Il a effectu\u00e9 36 ans de services dans les forces arm\u00e9es. Il a command\u00e9 trois fois\u00a0: un dragueur c\u00f4tier, un aviso et une fr\u00e9gate lance missiles. Il\u00a0est dipl\u00f4m\u00e9 de\u00a0\u00a0l\u2019\u00c9cole navale\u00a0et de\u00a0l\u2019Ecole sup\u00e9rieure de Guerre navale.<\/p>\n<p><\/p>","protected":false},"excerpt":{"rendered":"<p>Contre-amiral (2S). Fondateur du cabinet JFC Conseil, d\u00e9di\u00e9 aux questions m\u00e9diterran\u00e9ennes.\u00a0Directeur\u00a0de l\u2019association Euromed-IHEDN,\u00a0qu\u2019il a cr\u00e9\u00e9e\u00a0en 2004\u00a0et\u00a0dont la vocation est de contribuer \u00e0 la r\u00e9flexion sur les questions euro-m\u00e9diterran\u00e9ennes. Il est<\/p>\n","protected":false},"author":1,"featured_media":9506,"comment_status":"closed","ping_status":"open","sticky":false,"template":"","format":"standard","meta":{"footnotes":""},"categories":[8],"tags":[],"class_list":["post-1270","post","type-post","status-publish","format-standard","has-post-thumbnail","hentry","category-invited-guests"],"_links":{"self":[{"href":"https:\/\/www.worldpolicyconference.com\/fr\/wp-json\/wp\/v2\/posts\/1270","targetHints":{"allow":["GET"]}}],"collection":[{"href":"https:\/\/www.worldpolicyconference.com\/fr\/wp-json\/wp\/v2\/posts"}],"about":[{"href":"https:\/\/www.worldpolicyconference.com\/fr\/wp-json\/wp\/v2\/types\/post"}],"author":[{"embeddable":true,"href":"https:\/\/www.worldpolicyconference.com\/fr\/wp-json\/wp\/v2\/users\/1"}],"replies":[{"embeddable":true,"href":"https:\/\/www.worldpolicyconference.com\/fr\/wp-json\/wp\/v2\/comments?post=1270"}],"version-history":[{"count":0,"href":"https:\/\/www.worldpolicyconference.com\/fr\/wp-json\/wp\/v2\/posts\/1270\/revisions"}],"wp:featuredmedia":[{"embeddable":true,"href":"https:\/\/www.worldpolicyconference.com\/fr\/wp-json\/wp\/v2\/media\/9506"}],"wp:attachment":[{"href":"https:\/\/www.worldpolicyconference.com\/fr\/wp-json\/wp\/v2\/media?parent=1270"}],"wp:term":[{"taxonomy":"category","embeddable":true,"href":"https:\/\/www.worldpolicyconference.com\/fr\/wp-json\/wp\/v2\/categories?post=1270"},{"taxonomy":"post_tag","embeddable":true,"href":"https:\/\/www.worldpolicyconference.com\/fr\/wp-json\/wp\/v2\/tags?post=1270"}],"curies":[{"name":"wp","href":"https:\/\/api.w.org\/{rel}","templated":true}]}}