{"id":1280,"date":"2014-05-12T10:58:19","date_gmt":"2014-05-12T09:58:19","guid":{"rendered":"http:\/\/www.worldpolicyconference.com\/rezlan-ishar-jenie\/"},"modified":"2020-06-22T16:28:12","modified_gmt":"2020-06-22T15:28:12","slug":"rezlan-ishar-jenie","status":"publish","type":"post","link":"https:\/\/www.worldpolicyconference.com\/fr\/rezlan-ishar-jenie\/","title":{"rendered":"Rezlan Ishar Jenie"},"content":{"rendered":"<p><\/p>\n<p style=\"text-align: justify;\">Ambassadeur de la R\u00e9publique d\u2019Indon\u00e9sie en France, pour les Principaut\u00e9s d\u2019Andorre et de Monaco et d\u00e9l\u00e9gu\u00e9 permanent aupr\u00e8s de l\u2019UNESCO depuis octobre 2010. Il a \u00e9t\u00e9 directeur g\u00e9n\u00e9ral des affaires multilat\u00e9rales au Minist\u00e8re indon\u00e9sien des affaires \u00e9trang\u00e8res (2007-2010). Il a \u00e9galement \u00e9t\u00e9 ambassadeur, Repr\u00e9sentant permanent de la R\u00e9publique d\u2019Indon\u00e9sie aupr\u00e8s de l\u2019ONU (2004-2007). Il a commenc\u00e9 sa carri\u00e8re au sein du Minist\u00e8re indon\u00e9sien des Affaires \u00e9trang\u00e8res en 1980. Il est dipl\u00f4m\u00e9 de la Facult\u00e9 des sciences sociales et politiques, Universit\u00e9 d\u2019Indon\u00e9sie.<\/p>\n<p><\/p>","protected":false},"excerpt":{"rendered":"<p>Ambassadeur de la R\u00e9publique d\u2019Indon\u00e9sie en France, pour les Principaut\u00e9s d\u2019Andorre et de Monaco et d\u00e9l\u00e9gu\u00e9 permanent aupr\u00e8s de l\u2019UNESCO depuis octobre 2010. Il a \u00e9t\u00e9 directeur g\u00e9n\u00e9ral des affaires<\/p>\n","protected":false},"author":1,"featured_media":10064,"comment_status":"closed","ping_status":"open","sticky":false,"template":"","format":"standard","meta":{"footnotes":""},"categories":[8],"tags":[14],"class_list":["post-1280","post","type-post","status-publish","format-standard","has-post-thumbnail","hentry","category-invited-guests","tag-14"],"_links":{"self":[{"href":"https:\/\/www.worldpolicyconference.com\/fr\/wp-json\/wp\/v2\/posts\/1280","targetHints":{"allow":["GET"]}}],"collection":[{"href":"https:\/\/www.worldpolicyconference.com\/fr\/wp-json\/wp\/v2\/posts"}],"about":[{"href":"https:\/\/www.worldpolicyconference.com\/fr\/wp-json\/wp\/v2\/types\/post"}],"author":[{"embeddable":true,"href":"https:\/\/www.worldpolicyconference.com\/fr\/wp-json\/wp\/v2\/users\/1"}],"replies":[{"embeddable":true,"href":"https:\/\/www.worldpolicyconference.com\/fr\/wp-json\/wp\/v2\/comments?post=1280"}],"version-history":[{"count":0,"href":"https:\/\/www.worldpolicyconference.com\/fr\/wp-json\/wp\/v2\/posts\/1280\/revisions"}],"wp:featuredmedia":[{"embeddable":true,"href":"https:\/\/www.worldpolicyconference.com\/fr\/wp-json\/wp\/v2\/media\/10064"}],"wp:attachment":[{"href":"https:\/\/www.worldpolicyconference.com\/fr\/wp-json\/wp\/v2\/media?parent=1280"}],"wp:term":[{"taxonomy":"category","embeddable":true,"href":"https:\/\/www.worldpolicyconference.com\/fr\/wp-json\/wp\/v2\/categories?post=1280"},{"taxonomy":"post_tag","embeddable":true,"href":"https:\/\/www.worldpolicyconference.com\/fr\/wp-json\/wp\/v2\/tags?post=1280"}],"curies":[{"name":"wp","href":"https:\/\/api.w.org\/{rel}","templated":true}]}}