{"id":1298,"date":"2014-05-12T11:03:29","date_gmt":"2014-05-12T10:03:29","guid":{"rendered":"http:\/\/www.worldpolicyconference.com\/najib-mikati\/"},"modified":"2018-05-15T09:27:03","modified_gmt":"2018-05-15T08:27:03","slug":"najib-mikati","status":"publish","type":"post","link":"https:\/\/www.worldpolicyconference.com\/fr\/najib-mikati\/","title":{"rendered":"Najib Mikati"},"content":{"rendered":"<p><\/p>\n<p style=\"text-align: justify;\">Pr\u00e9sident du Conseil des ministres du Liban. Il est membre du Parlement, repr\u00e9sentant la circonscription de Tripoli,\u00a0\u00a0Liban-nord. Il a d\u00e9but\u00e9 sa carri\u00e8re politique en tant que ministre des Travaux publics et des Transports (1998-2004). En 2000, il a \u00e9t\u00e9 \u00e9lu pour la premi\u00e8re fois au Parlement pour la circonscription de Tripoli. En 2005, il est nomm\u00e9 Pr\u00e9sident du Conseil des ministres du Liban. Il a co-fond\u00e9 le groupe M1. Il est membre du conseil consultatif international de l\u2019International Crisis Group et du conseil d\u2019administration de l\u2019universit\u00e9 am\u00e9ricaine de Beyrouth. Il est dipl\u00f4m\u00e9 de l\u2019universit\u00e9 am\u00e9ricaine de Beyrouth (MBA). Il a aussi suivi des advanced management programs \u00e0 l\u2019INSEAD et \u00e0 l\u2019universit\u00e9 d\u2019Harvard.<\/p>\n<p><\/p>","protected":false},"excerpt":{"rendered":"<p>Pr\u00e9sident du Conseil des ministres du Liban. Il est membre du Parlement, repr\u00e9sentant la circonscription de Tripoli,\u00a0\u00a0Liban-nord. Il a d\u00e9but\u00e9 sa carri\u00e8re politique en tant que ministre des Travaux publics<\/p>\n","protected":false},"author":1,"featured_media":9933,"comment_status":"closed","ping_status":"open","sticky":false,"template":"","format":"standard","meta":{"footnotes":""},"categories":[8],"tags":[],"class_list":["post-1298","post","type-post","status-publish","format-standard","has-post-thumbnail","hentry","category-invited-guests"],"_links":{"self":[{"href":"https:\/\/www.worldpolicyconference.com\/fr\/wp-json\/wp\/v2\/posts\/1298","targetHints":{"allow":["GET"]}}],"collection":[{"href":"https:\/\/www.worldpolicyconference.com\/fr\/wp-json\/wp\/v2\/posts"}],"about":[{"href":"https:\/\/www.worldpolicyconference.com\/fr\/wp-json\/wp\/v2\/types\/post"}],"author":[{"embeddable":true,"href":"https:\/\/www.worldpolicyconference.com\/fr\/wp-json\/wp\/v2\/users\/1"}],"replies":[{"embeddable":true,"href":"https:\/\/www.worldpolicyconference.com\/fr\/wp-json\/wp\/v2\/comments?post=1298"}],"version-history":[{"count":0,"href":"https:\/\/www.worldpolicyconference.com\/fr\/wp-json\/wp\/v2\/posts\/1298\/revisions"}],"wp:featuredmedia":[{"embeddable":true,"href":"https:\/\/www.worldpolicyconference.com\/fr\/wp-json\/wp\/v2\/media\/9933"}],"wp:attachment":[{"href":"https:\/\/www.worldpolicyconference.com\/fr\/wp-json\/wp\/v2\/media?parent=1298"}],"wp:term":[{"taxonomy":"category","embeddable":true,"href":"https:\/\/www.worldpolicyconference.com\/fr\/wp-json\/wp\/v2\/categories?post=1298"},{"taxonomy":"post_tag","embeddable":true,"href":"https:\/\/www.worldpolicyconference.com\/fr\/wp-json\/wp\/v2\/tags?post=1298"}],"curies":[{"name":"wp","href":"https:\/\/api.w.org\/{rel}","templated":true}]}}