{"id":1299,"date":"2014-05-12T11:03:57","date_gmt":"2014-05-12T10:03:57","guid":{"rendered":"http:\/\/www.worldpolicyconference.com\/daniel-moldoveanu\/"},"modified":"2018-05-14T16:39:15","modified_gmt":"2018-05-14T15:39:15","slug":"daniel-moldoveanu","status":"publish","type":"post","link":"https:\/\/www.worldpolicyconference.com\/fr\/daniel-moldoveanu\/","title":{"rendered":"Daniel Moldoveanu"},"content":{"rendered":"<p><\/p>\n<p style=\"text-align: justify;\">Conseiller d\u2019Etat roumain, Administration pr\u00e9sidentielle, Directeur de l\u2019Integrated Intelligence Office. Il a \u00e9t\u00e9 conseiller parlementaire \u00e0 la Chambre des D\u00e9put\u00e9s (2002-2005). En 2009, il a re\u00e7u l\u2019Ordre National roumain au rang de chevalier. Il est dipl\u00f4m\u00e9 de la facult\u00e9 de technologie de construction des machines du Polytechnic Institute, il a un Master en sciences de l\u2019ing\u00e9nierie m\u00e9canique, ainsi qu\u2019un MBA de la IEDC Bled School of Management de Slov\u00e9nie et un Master apr\u00e8s avoir suivi le Master Course in the leadership program pour le centre r\u00e9gional de l\u2019OTAN de Bucarest.<\/p>\n<p><\/p>","protected":false},"excerpt":{"rendered":"<p>Conseiller d\u2019Etat roumain, Administration pr\u00e9sidentielle, Directeur de l\u2019Integrated Intelligence Office. Il a \u00e9t\u00e9 conseiller parlementaire \u00e0 la Chambre des D\u00e9put\u00e9s (2002-2005). En 2009, il a re\u00e7u l\u2019Ordre National roumain au<\/p>\n","protected":false},"author":1,"featured_media":9866,"comment_status":"closed","ping_status":"open","sticky":false,"template":"","format":"standard","meta":{"footnotes":""},"categories":[8],"tags":[],"class_list":["post-1299","post","type-post","status-publish","format-standard","has-post-thumbnail","hentry","category-invited-guests"],"_links":{"self":[{"href":"https:\/\/www.worldpolicyconference.com\/fr\/wp-json\/wp\/v2\/posts\/1299","targetHints":{"allow":["GET"]}}],"collection":[{"href":"https:\/\/www.worldpolicyconference.com\/fr\/wp-json\/wp\/v2\/posts"}],"about":[{"href":"https:\/\/www.worldpolicyconference.com\/fr\/wp-json\/wp\/v2\/types\/post"}],"author":[{"embeddable":true,"href":"https:\/\/www.worldpolicyconference.com\/fr\/wp-json\/wp\/v2\/users\/1"}],"replies":[{"embeddable":true,"href":"https:\/\/www.worldpolicyconference.com\/fr\/wp-json\/wp\/v2\/comments?post=1299"}],"version-history":[{"count":0,"href":"https:\/\/www.worldpolicyconference.com\/fr\/wp-json\/wp\/v2\/posts\/1299\/revisions"}],"wp:featuredmedia":[{"embeddable":true,"href":"https:\/\/www.worldpolicyconference.com\/fr\/wp-json\/wp\/v2\/media\/9866"}],"wp:attachment":[{"href":"https:\/\/www.worldpolicyconference.com\/fr\/wp-json\/wp\/v2\/media?parent=1299"}],"wp:term":[{"taxonomy":"category","embeddable":true,"href":"https:\/\/www.worldpolicyconference.com\/fr\/wp-json\/wp\/v2\/categories?post=1299"},{"taxonomy":"post_tag","embeddable":true,"href":"https:\/\/www.worldpolicyconference.com\/fr\/wp-json\/wp\/v2\/tags?post=1299"}],"curies":[{"name":"wp","href":"https:\/\/api.w.org\/{rel}","templated":true}]}}