{"id":1307,"date":"2014-05-12T11:06:16","date_gmt":"2014-05-12T10:06:16","guid":{"rendered":"http:\/\/www.worldpolicyconference.com\/ana-palacio\/"},"modified":"2022-10-18T14:50:41","modified_gmt":"2022-10-18T13:50:41","slug":"ana-palacio","status":"publish","type":"post","link":"https:\/\/www.worldpolicyconference.com\/fr\/ana-palacio\/","title":{"rendered":"Ana Palacio"},"content":{"rendered":"<p><span style=\"font-weight: 400;\">Avocate internationale, sp\u00e9cialis\u00e9e en droit international et de l\u2019Union europ\u00e9enne. Ana Palacio a \u00e9t\u00e9 ministre des Affaires \u00e9trang\u00e8res d\u2019Espagne (2002-2004) et membre du Parlement espagnol (2004-2006) o\u00f9 elle a pr\u00e9sid\u00e9 le comit\u00e9 mixte des deux Chambres pour les affaires europ\u00e9ennes. De 1994 \u00e0 2002, elle a \u00e9t\u00e9 membre du Parlement europ\u00e9en, o\u00f9 elle a pr\u00e9sid\u00e9 la commission juridique et du march\u00e9 int\u00e9rieur ainsi que la commission des droits des citoyens, de la justice et des affaires int\u00e9rieures. Elle a \u00e9t\u00e9 Premi\u00e8re vice-pr\u00e9sidente et conseill\u00e8re juridique principale du groupe de la Banque mondiale et secr\u00e9taire g\u00e9n\u00e9rale du CIRDI (2006-2008). Ana Palacio a \u00e9t\u00e9 membre du comit\u00e9 ex\u00e9cutif d\u2019AREVA et Premi\u00e8re vice-pr\u00e9sidente charg\u00e9e des affaires internationales de l\u2019entreprise (2008-2009), ainsi que membre du Conseil d\u2019\u00c9tat d\u2019Espagne (2012-2018). Elle est membre de plusieurs conseils consultatifs et conseils d\u2019administration. Elle est \u00e9galement membre de conseil de plusieurs think tanks et organisations, tels que l\u2019Atlantic Council aux \u00c9tats-Unis, le Conseil europ\u00e9en pour les relations internationales (ECFR) et le Real Instituto Elcano, entre autres. Ana Palacio est professeure invit\u00e9e \u00e0 la Edmund E. Walsh School of Foreign Service \u00e0 l\u2019Universit\u00e9 de Georgetown. Elle tient une chronique mensuelle dans <em>Project Syndicate<\/em> et publie hebdomadairement dans le journal espagnol <em>El Mundo<\/em>. Elle participe et intervient r\u00e9guli\u00e8rement \u00e0 des conf\u00e9rences et des forums internationaux.<\/span><\/p>","protected":false},"excerpt":{"rendered":"<p>Avocate internationale, sp\u00e9cialis\u00e9e en droit international et de l\u2019Union europ\u00e9enne. Ana Palacio a \u00e9t\u00e9 ministre des Affaires \u00e9trang\u00e8res d\u2019Espagne (2002-2004) et membre du Parlement espagnol (2004-2006) o\u00f9 elle a pr\u00e9sid\u00e9<\/p>\n","protected":false},"author":1,"featured_media":9724,"comment_status":"closed","ping_status":"open","sticky":false,"template":"","format":"standard","meta":{"footnotes":""},"categories":[8],"tags":[14,22,30,127],"class_list":["post-1307","post","type-post","status-publish","format-standard","has-post-thumbnail","hentry","category-invited-guests","tag-14","tag-22","tag-30","tag-127"],"_links":{"self":[{"href":"https:\/\/www.worldpolicyconference.com\/fr\/wp-json\/wp\/v2\/posts\/1307","targetHints":{"allow":["GET"]}}],"collection":[{"href":"https:\/\/www.worldpolicyconference.com\/fr\/wp-json\/wp\/v2\/posts"}],"about":[{"href":"https:\/\/www.worldpolicyconference.com\/fr\/wp-json\/wp\/v2\/types\/post"}],"author":[{"embeddable":true,"href":"https:\/\/www.worldpolicyconference.com\/fr\/wp-json\/wp\/v2\/users\/1"}],"replies":[{"embeddable":true,"href":"https:\/\/www.worldpolicyconference.com\/fr\/wp-json\/wp\/v2\/comments?post=1307"}],"version-history":[{"count":0,"href":"https:\/\/www.worldpolicyconference.com\/fr\/wp-json\/wp\/v2\/posts\/1307\/revisions"}],"wp:featuredmedia":[{"embeddable":true,"href":"https:\/\/www.worldpolicyconference.com\/fr\/wp-json\/wp\/v2\/media\/9724"}],"wp:attachment":[{"href":"https:\/\/www.worldpolicyconference.com\/fr\/wp-json\/wp\/v2\/media?parent=1307"}],"wp:term":[{"taxonomy":"category","embeddable":true,"href":"https:\/\/www.worldpolicyconference.com\/fr\/wp-json\/wp\/v2\/categories?post=1307"},{"taxonomy":"post_tag","embeddable":true,"href":"https:\/\/www.worldpolicyconference.com\/fr\/wp-json\/wp\/v2\/tags?post=1307"}],"curies":[{"name":"wp","href":"https:\/\/api.w.org\/{rel}","templated":true}]}}