{"id":1309,"date":"2014-05-12T11:06:48","date_gmt":"2014-05-12T10:06:48","guid":{"rendered":"http:\/\/www.worldpolicyconference.com\/rasvan-radu\/"},"modified":"2020-06-22T16:38:22","modified_gmt":"2020-06-22T15:38:22","slug":"rasvan-radu","status":"publish","type":"post","link":"https:\/\/www.worldpolicyconference.com\/fr\/rasvan-radu\/","title":{"rendered":"Rasvan Radu"},"content":{"rendered":"<p><\/p>\n<p style=\"text-align: justify;\">PDG, UniCredit Rom\u00e2nia. Il a commenc\u00e9 \u00e0 travailler \u00e0 la Banque Commerciale Roumaine en 1991. Il a \u00e9t\u00e9 nomm\u00e9 vice-pr\u00e9sident ex\u00e9cutif de la C.E.C. Bank (2000) et il est ensuite devenu vice-pr\u00e9sident ex\u00e9cutif, Retail Division, de Raiffeisen Bank Roumanie (2001). Il a \u00e9t\u00e9 nomm\u00e9 PDG de UniCredit Roumanie en 2005. Il a \u00e9galement \u00e9t\u00e9 pr\u00e9sident du Conseil Consultatif du Premier ministre de Roumanie. Il est dipl\u00f4m\u00e9 en ing\u00e9nierie de l\u2019Universit\u00e9 Polytechnique de Bucarest et en \u00e9conomie de l\u2019Universit\u00e9 Roumaine-Am\u00e9ricaine, ainsi que d&rsquo;un programme de master au Conservatoire National des Arts et M\u00e9tiers de Paris (filiale roumaine) et de la Harvard Business School (AMP).<\/p>\n<p><\/p>","protected":false},"excerpt":{"rendered":"<p>PDG, UniCredit Rom\u00e2nia. Il a commenc\u00e9 \u00e0 travailler \u00e0 la Banque Commerciale Roumaine en 1991. Il a \u00e9t\u00e9 nomm\u00e9 vice-pr\u00e9sident ex\u00e9cutif de la C.E.C. Bank (2000) et il est ensuite<\/p>\n","protected":false},"author":1,"featured_media":9632,"comment_status":"closed","ping_status":"open","sticky":false,"template":"","format":"standard","meta":{"footnotes":""},"categories":[8],"tags":[14,20],"class_list":["post-1309","post","type-post","status-publish","format-standard","has-post-thumbnail","hentry","category-invited-guests","tag-14","tag-20"],"_links":{"self":[{"href":"https:\/\/www.worldpolicyconference.com\/fr\/wp-json\/wp\/v2\/posts\/1309","targetHints":{"allow":["GET"]}}],"collection":[{"href":"https:\/\/www.worldpolicyconference.com\/fr\/wp-json\/wp\/v2\/posts"}],"about":[{"href":"https:\/\/www.worldpolicyconference.com\/fr\/wp-json\/wp\/v2\/types\/post"}],"author":[{"embeddable":true,"href":"https:\/\/www.worldpolicyconference.com\/fr\/wp-json\/wp\/v2\/users\/1"}],"replies":[{"embeddable":true,"href":"https:\/\/www.worldpolicyconference.com\/fr\/wp-json\/wp\/v2\/comments?post=1309"}],"version-history":[{"count":0,"href":"https:\/\/www.worldpolicyconference.com\/fr\/wp-json\/wp\/v2\/posts\/1309\/revisions"}],"wp:featuredmedia":[{"embeddable":true,"href":"https:\/\/www.worldpolicyconference.com\/fr\/wp-json\/wp\/v2\/media\/9632"}],"wp:attachment":[{"href":"https:\/\/www.worldpolicyconference.com\/fr\/wp-json\/wp\/v2\/media?parent=1309"}],"wp:term":[{"taxonomy":"category","embeddable":true,"href":"https:\/\/www.worldpolicyconference.com\/fr\/wp-json\/wp\/v2\/categories?post=1309"},{"taxonomy":"post_tag","embeddable":true,"href":"https:\/\/www.worldpolicyconference.com\/fr\/wp-json\/wp\/v2\/tags?post=1309"}],"curies":[{"name":"wp","href":"https:\/\/api.w.org\/{rel}","templated":true}]}}