{"id":1313,"date":"2014-05-12T11:07:54","date_gmt":"2014-05-12T10:07:54","guid":{"rendered":"http:\/\/www.worldpolicyconference.com\/radoslaw-sikorski\/"},"modified":"2020-06-22T16:40:10","modified_gmt":"2020-06-22T15:40:10","slug":"radoslaw-sikorski","status":"publish","type":"post","link":"https:\/\/www.worldpolicyconference.com\/fr\/radoslaw-sikorski\/","title":{"rendered":"Radoslaw Sikorski"},"content":{"rendered":"<p><\/p>\n<p style=\"text-align: justify;\">Ancien Ministre des Affaires \u00e9trang\u00e8res de la R\u00e9publique de Pologne. Il est \u00e9galement pr\u00e9sident de la commission des affaires europ\u00e9ennes et vice-pr\u00e9sident du parti Plate-forme civique. En tant que ministre adjoint de la D\u00e9fense nationale en 1992, il a \u00e9t\u00e9 \u00e0 l\u2019origine de la d\u00e9marche de la Pologne d\u2019int\u00e9grer l\u2019OTAN. Il a \u00e9t\u00e9 vice-ministre des Affaires \u00e9trang\u00e8res et pr\u00e9sident d\u2019honneur de la Fondation d\u2019aide aux Polonais de l\u2019Est (1998-2001). Il a dirig\u00e9 le comit\u00e9 de gr\u00e8ve \u00e9tudiant lors des \u00e9v\u00e9nements de Bydgoszcz en mars 1981. Il a obtenu l\u2019asile politique en Grande Bretagne (1982-1989). Il a travaill\u00e9 comme correspondant de guerre en Afghanistan et Angola (1986-1989). Il est dipl\u00f4m\u00e9 en sciences politiques, philosophie et \u00e9conomie de l\u2019universit\u00e9 d\u2019Oxford.<\/p>\n<p><\/p>","protected":false},"excerpt":{"rendered":"<p>Ancien Ministre des Affaires \u00e9trang\u00e8res de la R\u00e9publique de Pologne. Il est \u00e9galement pr\u00e9sident de la commission des affaires europ\u00e9ennes et vice-pr\u00e9sident du parti Plate-forme civique. En tant que ministre<\/p>\n","protected":false},"author":1,"featured_media":9569,"comment_status":"closed","ping_status":"open","sticky":false,"template":"","format":"standard","meta":{"footnotes":""},"categories":[8],"tags":[14],"class_list":["post-1313","post","type-post","status-publish","format-standard","has-post-thumbnail","hentry","category-invited-guests","tag-14"],"_links":{"self":[{"href":"https:\/\/www.worldpolicyconference.com\/fr\/wp-json\/wp\/v2\/posts\/1313","targetHints":{"allow":["GET"]}}],"collection":[{"href":"https:\/\/www.worldpolicyconference.com\/fr\/wp-json\/wp\/v2\/posts"}],"about":[{"href":"https:\/\/www.worldpolicyconference.com\/fr\/wp-json\/wp\/v2\/types\/post"}],"author":[{"embeddable":true,"href":"https:\/\/www.worldpolicyconference.com\/fr\/wp-json\/wp\/v2\/users\/1"}],"replies":[{"embeddable":true,"href":"https:\/\/www.worldpolicyconference.com\/fr\/wp-json\/wp\/v2\/comments?post=1313"}],"version-history":[{"count":0,"href":"https:\/\/www.worldpolicyconference.com\/fr\/wp-json\/wp\/v2\/posts\/1313\/revisions"}],"wp:featuredmedia":[{"embeddable":true,"href":"https:\/\/www.worldpolicyconference.com\/fr\/wp-json\/wp\/v2\/media\/9569"}],"wp:attachment":[{"href":"https:\/\/www.worldpolicyconference.com\/fr\/wp-json\/wp\/v2\/media?parent=1313"}],"wp:term":[{"taxonomy":"category","embeddable":true,"href":"https:\/\/www.worldpolicyconference.com\/fr\/wp-json\/wp\/v2\/categories?post=1313"},{"taxonomy":"post_tag","embeddable":true,"href":"https:\/\/www.worldpolicyconference.com\/fr\/wp-json\/wp\/v2\/tags?post=1313"}],"curies":[{"name":"wp","href":"https:\/\/api.w.org\/{rel}","templated":true}]}}